{"id":1306,"date":"2013-03-11T16:30:29","date_gmt":"2013-03-11T15:30:29","guid":{"rendered":"http:\/\/blogs.diariosur.es\/vistetecomopuedas\/?p=1306"},"modified":"2013-03-11T16:30:29","modified_gmt":"2013-03-11T15:30:29","slug":"estilo-casual-para-ir-de-compras","status":"publish","type":"post","link":"https:\/\/blogs.diariosur.es\/vistetecomopuedas\/2013\/03\/11\/estilo-casual-para-ir-de-compras\/","title":{"rendered":"Estilo casual para ir de compras"},"content":{"rendered":"<div>\u00a1Hola de nuevo!, \u00bfC\u00f3mo est\u00e1is llevando estos d\u00edas de lluvia y fr\u00edo?, yo bastante bien pues hallo refugi\u00e1ndome del temporal entre el trabajo, la casa y acudiendo a los\u00a0<strong>centros comerciales\u00a0<\/strong>en los ratos de ocio. Qu\u00e9 bien vienen en tardes de lluvia como las de estas \u00faltimas semanas. El otro d\u00eda me apetec\u00eda bastante ir de<strong>\u00a0tiendas<\/strong>, y c\u00f3mo no quer\u00eda mojarme opt\u00e9 por esta opci\u00f3n, as\u00ed como por un<strong>\u00a0look\u00a0<\/strong>c\u00f3modo y de estilo\u00a0<strong>casual<\/strong>. Pantalones\u00a0<strong>chinos<\/strong>,\u00a0<strong>botas\u00a0<\/strong>altas, y pelo recogido para que la humedad no hiciera demasiado de las suyas con mi\u00a0<strong>pelo<\/strong>. Al final, comprar compr\u00e9 poco, creo que s\u00f3lo la\u00a0<strong>camisa<\/strong>negra que\u00a0veis\u00a0en las fotos, pero s\u00ed que lo pas\u00e9 bastante bien prob\u00e1ndome\u00a0<strong>gafas<\/strong>\u00a0y\u00a0<strong>sombreros<\/strong>. Seguro que ya mismo estoy yendo a comprarme uno de ellos, como estas gafas fucsias de<strong>\u00a0Pull &#038; Bear<\/strong>\u00a0estilo\u00a0<strong>Wayfarer<\/strong>\u00a0de\u00a0<strong>Ray-Ban<\/strong>.<\/div>\n<div><\/div>\n<div>\u00bfY vosotras, hab\u00e9is hecho ya muchas compras de<strong>\u00a0nueva temporada<\/strong>?<\/div>\n<div><\/div>\n<div><a href=\"\/vistetecomopuedas\/wp-content\/uploads\/sites\/47\/2013\/03\/tarde-de-compras.jpg\"><img loading=\"lazy\" class=\"aligncenter size-full wp-image-1307\" title=\"tarde de compras\" src=\"\/vistetecomopuedas\/wp-content\/uploads\/sites\/47\/2013\/03\/tarde-de-compras.jpg\" alt=\"\" width=\"660\" height=\"800\" srcset=\"https:\/\/static-blogs.diariosur.es\/wp-content\/uploads\/sites\/47\/2013\/03\/tarde-de-compras.jpg 660w, https:\/\/static-blogs.diariosur.es\/wp-content\/uploads\/sites\/47\/2013\/03\/tarde-de-compras-248x300.jpg 248w\" sizes=\"(max-width: 660px) 100vw, 660px\" \/><\/a><\/div>\n","protected":false},"excerpt":{"rendered":"<p>\u00a1Hola de nuevo!, \u00bfC\u00f3mo est\u00e1is llevando estos d\u00edas de lluvia y fr\u00edo?, yo bastante bien pues hallo refugi\u00e1ndome del temporal entre el trabajo, la casa y acudiendo a los\u00a0centros comerciales\u00a0en los ratos de ocio. Qu\u00e9 bien vienen en tardes de lluvia como las de estas \u00faltimas semanas. El otro d\u00eda me apetec\u00eda bastante ir de\u00a0tiendas, [&hellip;]<\/p>\n","protected":false},"author":52,"featured_media":0,"comment_status":"open","ping_status":"closed","sticky":false,"template":"","format":"standard","meta":[],"categories":[667],"tags":[829,849,961,1155,1050,1114],"_links":{"self":[{"href":"https:\/\/blogs.diariosur.es\/vistetecomopuedas\/wp-json\/wp\/v2\/posts\/1306"}],"collection":[{"href":"https:\/\/blogs.diariosur.es\/vistetecomopuedas\/wp-json\/wp\/v2\/posts"}],"about":[{"href":"https:\/\/blogs.diariosur.es\/vistetecomopuedas\/wp-json\/wp\/v2\/types\/post"}],"author":[{"embeddable":true,"href":"https:\/\/blogs.diariosur.es\/vistetecomopuedas\/wp-json\/wp\/v2\/users\/52"}],"replies":[{"embeddable":true,"href":"https:\/\/blogs.diariosur.es\/vistetecomopuedas\/wp-json\/wp\/v2\/comments?post=1306"}],"version-history":[{"count":0,"href":"https:\/\/blogs.diariosur.es\/vistetecomopuedas\/wp-json\/wp\/v2\/posts\/1306\/revisions"}],"wp:attachment":[{"href":"https:\/\/blogs.diariosur.es\/vistetecomopuedas\/wp-json\/wp\/v2\/media?parent=1306"}],"wp:term":[{"taxonomy":"category","embeddable":true,"href":"https:\/\/blogs.diariosur.es\/vistetecomopuedas\/wp-json\/wp\/v2\/categories?post=1306"},{"taxonomy":"post_tag","embeddable":true,"href":"https:\/\/blogs.diariosur.es\/vistetecomopuedas\/wp-json\/wp\/v2\/tags?post=1306"}],"curies":[{"name":"wp","href":"https:\/\/api.w.org\/{rel}","templated":true}]}}