{"id":1309,"date":"2013-03-21T21:36:33","date_gmt":"2013-03-21T20:36:33","guid":{"rendered":"http:\/\/blogs.diariosur.es\/vistetecomopuedas\/?p=1309"},"modified":"2013-03-21T21:36:33","modified_gmt":"2013-03-21T20:36:33","slug":"las-alpargatas-de-paez-llegan-a-malaga-y-vialia-celebra-la-ii-fashion-week","status":"publish","type":"post","link":"https:\/\/blogs.diariosur.es\/vistetecomopuedas\/2013\/03\/21\/las-alpargatas-de-paez-llegan-a-malaga-y-vialia-celebra-la-ii-fashion-week\/","title":{"rendered":"Las alpargatas de P\u00e1ez llegan a M\u00e1laga y Vialia celebra la II Fashion Week"},"content":{"rendered":"<p>\u00a1Ya est\u00e1 aqu\u00ed la<strong>\u00a0primavera<\/strong>!, ahora de verdad y, aunque el clima ande a\u00fan un poco revuelto, ya mismo estaremos sacando del armario la ropita m\u00e1s fresca y guardando los abrigos. Lo mismo ocurrir\u00e1 en los pies, que empezaremos a cambiar el calzado m\u00e1s cubierto por otro m\u00e1s abierto. En M\u00e1laga, ya tenemos una opci\u00f3n m\u00e1s para llenar nuestros pies de color tras la inauguraci\u00f3n de\u00a0<strong>P\u00e1ez M\u00e1laga<\/strong>, una zapater\u00eda bastante especial en la que s\u00f3lo se venden\u00a0<strong>alpargatas<\/strong>. Las hay para todos los gustos y tama\u00f1os, para hombres, mujeres y para ni\u00f1os. Una tienda que desembarca en M\u00e1laga y que existe ya en 25 pa\u00edses.<\/p>\n<p><strong>P\u00e1ez<\/strong>\u00a0se fund\u00f3 por tres amigos en\u00a0<strong>Argentina<\/strong>\u00a0en 2007. Bajo el concepto de la simplicidad, comodidad e innovaci\u00f3n decidieron llevar las alpargatas por todo el mundo, convirti\u00e9ndolas en un icono de\u00a0<strong>life style<\/strong>\u00a0y\u00a0<strong>tendencia<\/strong>.<\/p>\n<p>Ubicada en el centro, en la calle Cisneros, la reci\u00e9n inaugurada tienda de M\u00e1laga est\u00e1 llena de color y de mensajes que transmiten &#8220;buena onda&#8221; siempre jugando con el nombre de la marca. Pod\u00e9is haceros una idea de la filosof\u00eda de la marca\u00a0<strong>P\u00e1ez<\/strong>\u00a0visitando su\u00a0<a href=\"http:\/\/www.laspaez.com.ar\/\" target=\"_blank\" rel=\"external nofollow\">web<\/a>. Os dejo con algunas im\u00e1genes de la inauguraci\u00f3n que tuvo lugar la pasada semana.<\/p>\n<p><a href=\"\/vistetecomopuedas\/wp-content\/uploads\/sites\/47\/2013\/03\/PaezM\u00e1laga.jpg\"><img loading=\"lazy\" class=\"aligncenter size-full wp-image-1310\" title=\"PaezM\u00e1laga\" src=\"\/vistetecomopuedas\/wp-content\/uploads\/sites\/47\/2013\/03\/PaezM\u00e1laga.jpg\" alt=\"\" width=\"660\" height=\"800\" srcset=\"https:\/\/static-blogs.diariosur.es\/wp-content\/uploads\/sites\/47\/2013\/03\/PaezM\u00e1laga.jpg 660w, https:\/\/static-blogs.diariosur.es\/wp-content\/uploads\/sites\/47\/2013\/03\/PaezM\u00e1laga-248x300.jpg 248w\" sizes=\"(max-width: 660px) 100vw, 660px\" \/><\/a><\/p>\n<p>La primavera tambi\u00e9n se est\u00e1 dejando notar en que cada vez hay m\u00e1s citas en el mundo de la moda. Esta noche en\u00a0<strong>Sfera<\/strong>\u00a0(en la calle Nueva) se celebra la\u00a0<strong>Spring Night<\/strong>\u00a0con un 20% de descuento.<\/p>\n<p>Adem\u00e1s, Vialia ha inaugurado su\u00a0<strong>II Fashion Week Vialia M\u00e1laga<\/strong>. As\u00ed, hasta el pr\u00f3ximo 19 de abril podr\u00e1 visitarse en el centro comercial una exposici\u00f3n de trajes de alta costura. Pero no s\u00f3lo esto, ya que todo aquel que quiera ser modelo, aunque sea por un d\u00eda, podr\u00e1 apuntarse para desfilar por una pasarela, dentro de los actos organizados para esta\u00a0<strong>Fashion Week<\/strong>. De hecho, uno de los requisitos para participar es no ser modelo profesional. El plazo est\u00e1 abierto hasta el 19 de abril y podr\u00e1n apuntarse ni\u00f1os y j\u00f3venes (hasta 25 a\u00f1os).<\/p>\n<p>La\u00a0<strong>II Fashion Week Vialia M\u00e1laga<\/strong>\u00a0concluir\u00e1 con un desfile de prendas de\u00a0<strong>La Gioconda Novias<\/strong>,\u00a0<strong>R\u00edo de la Plata, Melisa Lozano, Gema Mele<\/strong>\u00a0y<strong>\u00a0Jes\u00fas Segado.<\/strong><\/p>\n<p><a href=\"\/vistetecomopuedas\/wp-content\/uploads\/sites\/47\/2013\/03\/Vialia-Fashion-Week.jpg\"><img loading=\"lazy\" class=\"aligncenter size-full wp-image-1311\" title=\"Vialia Fashion Week\" src=\"\/vistetecomopuedas\/wp-content\/uploads\/sites\/47\/2013\/03\/Vialia-Fashion-Week.jpg\" alt=\"\" width=\"660\" height=\"482\" srcset=\"https:\/\/static-blogs.diariosur.es\/wp-content\/uploads\/sites\/47\/2013\/03\/Vialia-Fashion-Week.jpg 660w, https:\/\/static-blogs.diariosur.es\/wp-content\/uploads\/sites\/47\/2013\/03\/Vialia-Fashion-Week-300x219.jpg 300w\" sizes=\"(max-width: 660px) 100vw, 660px\" \/><\/a><\/p>\n<p>&nbsp;<\/p>\n","protected":false},"excerpt":{"rendered":"<p>\u00a1Ya est\u00e1 aqu\u00ed la\u00a0primavera!, ahora de verdad y, aunque el clima ande a\u00fan un poco revuelto, ya mismo estaremos sacando del armario la ropita m\u00e1s fresca y guardando los abrigos. Lo mismo ocurrir\u00e1 en los pies, que empezaremos a cambiar el calzado m\u00e1s cubierto por otro m\u00e1s abierto. En M\u00e1laga, ya tenemos una opci\u00f3n m\u00e1s [&hellip;]<\/p>\n","protected":false},"author":52,"featured_media":0,"comment_status":"open","ping_status":"closed","sticky":false,"template":"","format":"standard","meta":[],"categories":[667],"tags":[792,894,900,932,941,988,1025,1054,1065,1075],"_links":{"self":[{"href":"https:\/\/blogs.diariosur.es\/vistetecomopuedas\/wp-json\/wp\/v2\/posts\/1309"}],"collection":[{"href":"https:\/\/blogs.diariosur.es\/vistetecomopuedas\/wp-json\/wp\/v2\/posts"}],"about":[{"href":"https:\/\/blogs.diariosur.es\/vistetecomopuedas\/wp-json\/wp\/v2\/types\/post"}],"author":[{"embeddable":true,"href":"https:\/\/blogs.diariosur.es\/vistetecomopuedas\/wp-json\/wp\/v2\/users\/52"}],"replies":[{"embeddable":true,"href":"https:\/\/blogs.diariosur.es\/vistetecomopuedas\/wp-json\/wp\/v2\/comments?post=1309"}],"version-history":[{"count":0,"href":"https:\/\/blogs.diariosur.es\/vistetecomopuedas\/wp-json\/wp\/v2\/posts\/1309\/revisions"}],"wp:attachment":[{"href":"https:\/\/blogs.diariosur.es\/vistetecomopuedas\/wp-json\/wp\/v2\/media?parent=1309"}],"wp:term":[{"taxonomy":"category","embeddable":true,"href":"https:\/\/blogs.diariosur.es\/vistetecomopuedas\/wp-json\/wp\/v2\/categories?post=1309"},{"taxonomy":"post_tag","embeddable":true,"href":"https:\/\/blogs.diariosur.es\/vistetecomopuedas\/wp-json\/wp\/v2\/tags?post=1309"}],"curies":[{"name":"wp","href":"https:\/\/api.w.org\/{rel}","templated":true}]}}