{"id":1371,"date":"2013-05-26T20:35:35","date_gmt":"2013-05-26T18:35:35","guid":{"rendered":"http:\/\/blogs.diariosur.es\/vistetecomopuedas\/?p=1371"},"modified":"2013-05-26T20:35:35","modified_gmt":"2013-05-26T18:35:35","slug":"i-desfile-abierto-al-mar-en-muelle-2","status":"publish","type":"post","link":"https:\/\/blogs.diariosur.es\/vistetecomopuedas\/2013\/05\/26\/i-desfile-abierto-al-mar-en-muelle-2\/","title":{"rendered":"I Desfile Abierto al Mar en Muelle 2"},"content":{"rendered":"<p><strong>Jos\u00e9 Luis Joyero<\/strong>, <strong>Gemma Mel\u00e9<\/strong> y <strong>Opalo<\/strong> celebraron el pasado viernes el denominado <strong>&#8216;I Desfile abierto al mar<\/strong>&#8216;, el primero de varios que se ir\u00e1n desarrollando durante este a\u00f1o con el objetivo de unir la moda malague\u00f1a con el aire marinero y abierto de M\u00e1laga. El Restaurante <strong>Kaleido<\/strong> del <strong>Muelle 2<\/strong> fue el lugar elegido para celebrar este evento, que cont\u00f3 con la presentaci\u00f3n de la periodista To\u00f1i Portillo.<\/p>\n<p>La cita comenz\u00f3 con el desfile de varias de las prendas que podemos encontrar en <strong>Opalo<\/strong>, en calle C\u00edster, acompa\u00f1adas de joyas de <strong>Jos\u00e9 Luis Joyero<\/strong>, ubicado en calle Alarc\u00f3n Luj\u00e1n. A continuaci\u00f3n se repartieron un gran n\u00famero de regalos entre los asistentes, y despu\u00e9s, comenz\u00f3 el desfile de los dise\u00f1os de <strong>Gemma Mel\u00e9<\/strong>, cuya tienda est\u00e1 en Plaza de las Flores. En el desfile colaboraron tambi\u00e9n <strong>Guill\u00e9n Peluqueros<\/strong>, que fue el encargado de peinar a las modelos de la <strong>Escuela Superior de Modelos<\/strong> <strong>de Manuel Beltr\u00e1n<\/strong><\/p>\n<div id=\"attachment_1372\" style=\"width: 660px\" class=\"wp-caption aligncenter\"><a href=\"\/vistetecomopuedas\/wp-content\/uploads\/sites\/47\/2013\/05\/DESFILE-ABIERTO-AL-MAR-1.jpg\"><img aria-describedby=\"caption-attachment-1372\" loading=\"lazy\" class=\"size-full wp-image-1372\" title=\"DESFILE ABIERTO AL MAR 1\" src=\"\/vistetecomopuedas\/wp-content\/uploads\/sites\/47\/2013\/05\/DESFILE-ABIERTO-AL-MAR-1.jpg\" alt=\"\" width=\"650\" height=\"800\" srcset=\"https:\/\/static-blogs.diariosur.es\/wp-content\/uploads\/sites\/47\/2013\/05\/DESFILE-ABIERTO-AL-MAR-1.jpg 650w, https:\/\/static-blogs.diariosur.es\/wp-content\/uploads\/sites\/47\/2013\/05\/DESFILE-ABIERTO-AL-MAR-1-244x300.jpg 244w\" sizes=\"(max-width: 650px) 100vw, 650px\" \/><\/a><p id=\"caption-attachment-1372\" class=\"wp-caption-text\">Dise\u00f1os de Opalo, joyas de Jos\u00e9 Luis Joyero<\/p><\/div>\n<div id=\"attachment_1373\" style=\"width: 660px\" class=\"wp-caption aligncenter\"><a href=\"\/vistetecomopuedas\/wp-content\/uploads\/sites\/47\/2013\/05\/DESFILE-ABIERTO-AL-MAR-2.jpg\"><img aria-describedby=\"caption-attachment-1373\" loading=\"lazy\" class=\"size-full wp-image-1373\" title=\"DESFILE ABIERTO AL MAR 2\" src=\"\/vistetecomopuedas\/wp-content\/uploads\/sites\/47\/2013\/05\/DESFILE-ABIERTO-AL-MAR-2.jpg\" alt=\"\" width=\"650\" height=\"800\" srcset=\"https:\/\/static-blogs.diariosur.es\/wp-content\/uploads\/sites\/47\/2013\/05\/DESFILE-ABIERTO-AL-MAR-2.jpg 650w, https:\/\/static-blogs.diariosur.es\/wp-content\/uploads\/sites\/47\/2013\/05\/DESFILE-ABIERTO-AL-MAR-2-244x300.jpg 244w\" sizes=\"(max-width: 650px) 100vw, 650px\" \/><\/a><p id=\"caption-attachment-1373\" class=\"wp-caption-text\">Dise\u00f1os de Opalo, joyas Jos\u00e9 Luis Joyero, y mis acompa\u00f1antes en el desfile: Elia de Logana Tocados y Rosa de Mad About M\u00e1laga<\/p><\/div>\n<div id=\"attachment_1374\" style=\"width: 660px\" class=\"wp-caption aligncenter\"><a href=\"\/vistetecomopuedas\/wp-content\/uploads\/sites\/47\/2013\/05\/DESFILE-ABIERTO-AL-MAR-3.jpg\"><img aria-describedby=\"caption-attachment-1374\" loading=\"lazy\" class=\"size-full wp-image-1374\" title=\"DESFILE ABIERTO AL MAR 3\" src=\"\/vistetecomopuedas\/wp-content\/uploads\/sites\/47\/2013\/05\/DESFILE-ABIERTO-AL-MAR-3.jpg\" alt=\"\" width=\"650\" height=\"800\" srcset=\"https:\/\/static-blogs.diariosur.es\/wp-content\/uploads\/sites\/47\/2013\/05\/DESFILE-ABIERTO-AL-MAR-3.jpg 650w, https:\/\/static-blogs.diariosur.es\/wp-content\/uploads\/sites\/47\/2013\/05\/DESFILE-ABIERTO-AL-MAR-3-244x300.jpg 244w\" sizes=\"(max-width: 650px) 100vw, 650px\" \/><\/a><p id=\"caption-attachment-1374\" class=\"wp-caption-text\">Opalo, joyas Jos\u00e9 Luis Joyero<\/p><\/div>\n<div id=\"attachment_1375\" style=\"width: 660px\" class=\"wp-caption aligncenter\"><a href=\"\/vistetecomopuedas\/wp-content\/uploads\/sites\/47\/2013\/05\/DESFILE-ABIERTO-AL-MAR-4.jpg\"><img aria-describedby=\"caption-attachment-1375\" loading=\"lazy\" class=\"size-full wp-image-1375\" title=\"DESFILE ABIERTO AL MAR 4\" src=\"\/vistetecomopuedas\/wp-content\/uploads\/sites\/47\/2013\/05\/DESFILE-ABIERTO-AL-MAR-4.jpg\" alt=\"\" width=\"650\" height=\"800\" srcset=\"https:\/\/static-blogs.diariosur.es\/wp-content\/uploads\/sites\/47\/2013\/05\/DESFILE-ABIERTO-AL-MAR-4.jpg 650w, https:\/\/static-blogs.diariosur.es\/wp-content\/uploads\/sites\/47\/2013\/05\/DESFILE-ABIERTO-AL-MAR-4-244x300.jpg 244w\" sizes=\"(max-width: 650px) 100vw, 650px\" \/><\/a><p id=\"caption-attachment-1375\" class=\"wp-caption-text\">Dise\u00f1os de Gemma Mel\u00e9, joyas Jos\u00e9 Luis Joyero<\/p><\/div>\n<div id=\"attachment_1376\" style=\"width: 660px\" class=\"wp-caption aligncenter\"><a href=\"\/vistetecomopuedas\/wp-content\/uploads\/sites\/47\/2013\/05\/DESFILE-ABIERTO-AL-MAR-5.jpg\"><img aria-describedby=\"caption-attachment-1376\" loading=\"lazy\" class=\"size-full wp-image-1376\" title=\"DESFILE ABIERTO AL MAR 5\" src=\"\/vistetecomopuedas\/wp-content\/uploads\/sites\/47\/2013\/05\/DESFILE-ABIERTO-AL-MAR-5.jpg\" alt=\"\" width=\"650\" height=\"800\" srcset=\"https:\/\/static-blogs.diariosur.es\/wp-content\/uploads\/sites\/47\/2013\/05\/DESFILE-ABIERTO-AL-MAR-5.jpg 650w, https:\/\/static-blogs.diariosur.es\/wp-content\/uploads\/sites\/47\/2013\/05\/DESFILE-ABIERTO-AL-MAR-5-244x300.jpg 244w\" sizes=\"(max-width: 650px) 100vw, 650px\" \/><\/a><p id=\"caption-attachment-1376\" class=\"wp-caption-text\">Desfile de Gemma Mel\u00e9, joyas de Jos\u00e9 Luis Joyero<\/p><\/div>\n","protected":false},"excerpt":{"rendered":"<p>Jos\u00e9 Luis Joyero, Gemma Mel\u00e9 y Opalo celebraron el pasado viernes el denominado &#8216;I Desfile abierto al mar&#8216;, el primero de varios que se ir\u00e1n desarrollando durante este a\u00f1o con el objetivo de unir la moda malague\u00f1a con el aire marinero y abierto de M\u00e1laga. El Restaurante Kaleido del Muelle 2 fue el lugar elegido [&hellip;]<\/p>\n","protected":false},"author":52,"featured_media":0,"comment_status":"open","ping_status":"open","sticky":false,"template":"","format":"standard","meta":[],"categories":[667],"tags":[],"_links":{"self":[{"href":"https:\/\/blogs.diariosur.es\/vistetecomopuedas\/wp-json\/wp\/v2\/posts\/1371"}],"collection":[{"href":"https:\/\/blogs.diariosur.es\/vistetecomopuedas\/wp-json\/wp\/v2\/posts"}],"about":[{"href":"https:\/\/blogs.diariosur.es\/vistetecomopuedas\/wp-json\/wp\/v2\/types\/post"}],"author":[{"embeddable":true,"href":"https:\/\/blogs.diariosur.es\/vistetecomopuedas\/wp-json\/wp\/v2\/users\/52"}],"replies":[{"embeddable":true,"href":"https:\/\/blogs.diariosur.es\/vistetecomopuedas\/wp-json\/wp\/v2\/comments?post=1371"}],"version-history":[{"count":0,"href":"https:\/\/blogs.diariosur.es\/vistetecomopuedas\/wp-json\/wp\/v2\/posts\/1371\/revisions"}],"wp:attachment":[{"href":"https:\/\/blogs.diariosur.es\/vistetecomopuedas\/wp-json\/wp\/v2\/media?parent=1371"}],"wp:term":[{"taxonomy":"category","embeddable":true,"href":"https:\/\/blogs.diariosur.es\/vistetecomopuedas\/wp-json\/wp\/v2\/categories?post=1371"},{"taxonomy":"post_tag","embeddable":true,"href":"https:\/\/blogs.diariosur.es\/vistetecomopuedas\/wp-json\/wp\/v2\/tags?post=1371"}],"curies":[{"name":"wp","href":"https:\/\/api.w.org\/{rel}","templated":true}]}}