{"id":1377,"date":"2013-05-29T22:11:55","date_gmt":"2013-05-29T20:11:55","guid":{"rendered":"http:\/\/blogs.diariosur.es\/vistetecomopuedas\/?p=1377"},"modified":"2013-05-29T22:11:55","modified_gmt":"2013-05-29T20:11:55","slug":"mickey-moustache-ladygrunge-para-visitar-la-coleccion-de-selim-varol","status":"publish","type":"post","link":"https:\/\/blogs.diariosur.es\/vistetecomopuedas\/2013\/05\/29\/mickey-moustache-ladygrunge-para-visitar-la-coleccion-de-selim-varol\/","title":{"rendered":"Mickey Moustache. Lady+Grunge para visitar la colecci\u00f3n de Selim Varol"},"content":{"rendered":"<p>\u00a1Hola de nuevo!, \u00bfQu\u00e9 tal est\u00e1is?, me imagino que un poco como yo, esperando que el tiempo se aclare de una vez. \u00bfCalor, fr\u00edo?, \u00bfSoleado, nublado?, y encima con predicciones de que este <strong>verano<\/strong> ser\u00e1 el m\u00e1s fr\u00edo y h\u00famedo que se recuerda, desde 1816. Eso seg\u00fan el canal franc\u00e9s Met\u00e8o que, sinceramente, espero que se equivoque. Con buen o mal tiempo, lo que siempre puede hacerse en una ciudad es aprovechar para visitar museos, galer\u00edas de arte, salas de exposiciones o similares. Llevaba semanas queriendo visitar la colecci\u00f3n de <strong>Selim Varol<\/strong> &#8216;<strong>At Home I&#8217;m a Tourist<\/strong>&#8216; del <strong>CAC M\u00e1laga, <\/strong>y por fin pude hacerlo. Tambi\u00e9n llevaba tiempo queriendo estrenar esta camiseta de Mickey Mouse versi\u00f3n &#8216;<strong>moustache<\/strong>&#8216; que me tuve que comprar en cuanto la v\u00ed, pues me pareci\u00f3 muy graciosa (y los que me segu\u00eds ya sab\u00e9is que me gusta el toque &#8216;moderno&#8217; de los llamados &#8216;<strong>moustache<\/strong>&#8216;). La verdad es que una vez en el <strong>CAC<\/strong>, creo que no pude elegir mejor prenda para vestir, pues todo estaba lleno de Mickeys Mouses y juguetes similares.<\/p>\n<p>La camiseta, por si sola es, como os digo, graciosa. Por eso me apeteci\u00f3 romperle ese aire infantil con un toque <strong>grunge<\/strong>, lo cual consegu\u00ed con los <strong>vaqueros<\/strong> ca\u00eddos, tipo &#8216;<strong>boyfriend<\/strong>&#8216;, de no ser porque son bastante estrechos a la altura de los gemelos y tobillos. Sin embargo, quer\u00eda ir algo arreglada, con lo que apost\u00e9 por unos<strong> tacones de aguja<\/strong> dorados y una <strong>chaqueta<\/strong> negra con los pu\u00f1os remangados, d\u00e1ndole as\u00ed un punto &#8216;<strong>lady<\/strong>&#8216;.<\/p>\n<p>Respecto a la exposici\u00f3n, si os gustan las cosas &#8216;<strong>frikis<\/strong>&#8216;, los <strong>juguetes<\/strong>, mu\u00f1ecos, el dise\u00f1o, el arte pop o los grafittis, ten\u00e9is que pasaros por el <strong>CAC M\u00e1laga<\/strong>. La colecci\u00f3n de <strong>Selim Varol<\/strong> estar\u00e1 abierta hasta el pr\u00f3ximo 16 de junio, por lo que ya no queda demasiado tiempo. Podr\u00e9is ver\u00a015.000 piezas de artistas contempor\u00e1neos \u00a0como Banksy, KAWS, ZEVS, Shepard Fairey \u2013 OBEY, Daniel &#038; Geo Fuchs, Audrey Kawasaki, FUTURA o JR, que han dise\u00f1ado estos juguetes y otros art\u00edculos con un inconfundible sello personal. Personalmente, me gust\u00f3 much\u00edsimo y me hubiera tirado horas y horas descubriendo cada uno de los mil detalles que se pueden encontrar en esta colecci\u00f3n.<\/p>\n<p><a href=\"\/vistetecomopuedas\/wp-content\/uploads\/sites\/47\/2013\/05\/Mickey-Moustache.jpg\"><img loading=\"lazy\" class=\"aligncenter size-full wp-image-1378\" title=\"Mickey Moustache\" src=\"\/vistetecomopuedas\/wp-content\/uploads\/sites\/47\/2013\/05\/Mickey-Moustache.jpg\" alt=\"\" width=\"650\" height=\"800\" srcset=\"https:\/\/static-blogs.diariosur.es\/wp-content\/uploads\/sites\/47\/2013\/05\/Mickey-Moustache.jpg 650w, https:\/\/static-blogs.diariosur.es\/wp-content\/uploads\/sites\/47\/2013\/05\/Mickey-Moustache-244x300.jpg 244w\" sizes=\"(max-width: 650px) 100vw, 650px\" \/><\/a><\/p>\n<p><a href=\"\/vistetecomopuedas\/wp-content\/uploads\/sites\/47\/2013\/05\/Mickey-Moustache-2.jpg\"><img loading=\"lazy\" class=\"aligncenter size-full wp-image-1379\" title=\"Mickey Moustache 2\" src=\"\/vistetecomopuedas\/wp-content\/uploads\/sites\/47\/2013\/05\/Mickey-Moustache-2.jpg\" alt=\"\" width=\"650\" height=\"800\" srcset=\"https:\/\/static-blogs.diariosur.es\/wp-content\/uploads\/sites\/47\/2013\/05\/Mickey-Moustache-2.jpg 650w, https:\/\/static-blogs.diariosur.es\/wp-content\/uploads\/sites\/47\/2013\/05\/Mickey-Moustache-2-244x300.jpg 244w\" sizes=\"(max-width: 650px) 100vw, 650px\" \/><\/a><\/p>\n<p><a href=\"\/vistetecomopuedas\/wp-content\/uploads\/sites\/47\/2013\/05\/Mickey-Moustache-3.jpg\"><img loading=\"lazy\" class=\"aligncenter size-full wp-image-1380\" title=\"Mickey Moustache 3\" src=\"\/vistetecomopuedas\/wp-content\/uploads\/sites\/47\/2013\/05\/Mickey-Moustache-3.jpg\" alt=\"\" width=\"650\" height=\"800\" srcset=\"https:\/\/static-blogs.diariosur.es\/wp-content\/uploads\/sites\/47\/2013\/05\/Mickey-Moustache-3.jpg 650w, https:\/\/static-blogs.diariosur.es\/wp-content\/uploads\/sites\/47\/2013\/05\/Mickey-Moustache-3-244x300.jpg 244w\" sizes=\"(max-width: 650px) 100vw, 650px\" \/><\/a><\/p>\n<p>&nbsp;<\/p>\n<p>&nbsp;<\/p>\n","protected":false},"excerpt":{"rendered":"<p>\u00a1Hola de nuevo!, \u00bfQu\u00e9 tal est\u00e1is?, me imagino que un poco como yo, esperando que el tiempo se aclare de una vez. \u00bfCalor, fr\u00edo?, \u00bfSoleado, nublado?, y encima con predicciones de que este verano ser\u00e1 el m\u00e1s fr\u00edo y h\u00famedo que se recuerda, desde 1816. Eso seg\u00fan el canal franc\u00e9s Met\u00e8o que, sinceramente, espero que [&hellip;]<\/p>\n","protected":false},"author":52,"featured_media":0,"comment_status":"open","ping_status":"open","sticky":false,"template":"","format":"standard","meta":[],"categories":[667],"tags":[],"_links":{"self":[{"href":"https:\/\/blogs.diariosur.es\/vistetecomopuedas\/wp-json\/wp\/v2\/posts\/1377"}],"collection":[{"href":"https:\/\/blogs.diariosur.es\/vistetecomopuedas\/wp-json\/wp\/v2\/posts"}],"about":[{"href":"https:\/\/blogs.diariosur.es\/vistetecomopuedas\/wp-json\/wp\/v2\/types\/post"}],"author":[{"embeddable":true,"href":"https:\/\/blogs.diariosur.es\/vistetecomopuedas\/wp-json\/wp\/v2\/users\/52"}],"replies":[{"embeddable":true,"href":"https:\/\/blogs.diariosur.es\/vistetecomopuedas\/wp-json\/wp\/v2\/comments?post=1377"}],"version-history":[{"count":0,"href":"https:\/\/blogs.diariosur.es\/vistetecomopuedas\/wp-json\/wp\/v2\/posts\/1377\/revisions"}],"wp:attachment":[{"href":"https:\/\/blogs.diariosur.es\/vistetecomopuedas\/wp-json\/wp\/v2\/media?parent=1377"}],"wp:term":[{"taxonomy":"category","embeddable":true,"href":"https:\/\/blogs.diariosur.es\/vistetecomopuedas\/wp-json\/wp\/v2\/categories?post=1377"},{"taxonomy":"post_tag","embeddable":true,"href":"https:\/\/blogs.diariosur.es\/vistetecomopuedas\/wp-json\/wp\/v2\/tags?post=1377"}],"curies":[{"name":"wp","href":"https:\/\/api.w.org\/{rel}","templated":true}]}}