{"id":1388,"date":"2013-06-14T19:55:08","date_gmt":"2013-06-14T17:55:08","guid":{"rendered":"http:\/\/blogs.diariosur.es\/vistetecomopuedas\/?p=1388"},"modified":"2013-06-14T19:55:08","modified_gmt":"2013-06-14T17:55:08","slug":"la-moda-espanola-se-instala-en-el-soho-de-nueva-york","status":"publish","type":"post","link":"https:\/\/blogs.diariosur.es\/vistetecomopuedas\/2013\/06\/14\/la-moda-espanola-se-instala-en-el-soho-de-nueva-york\/","title":{"rendered":"La moda espa\u00f1ola se instala en el SoHo de Nueva York"},"content":{"rendered":"<p>\u00a1Hola! Hace unos d\u00edas os hablaba de ello por Facebook, as\u00ed que hoy he querido ampliaros un poco m\u00e1s esa noticia y transmit\u00edrosla por aqu\u00ed para los que no me le\u00e1is en esta red social. Se trata de una noticia que debe alegrarnos, sobre todo, en tiempos de crisis como los que sufrimos. Y es que, la milla de la moda espa\u00f1ola del SoHo de Nueva York (que celebra ya su octava edici\u00f3n) ha destacado el valor que tienen las creaciones de las empresas espa\u00f1olas. En concreto, se refieren a las marcas de Espa\u00f1a que se ubican en esta zona de Manhattan.<\/p>\n<p>As\u00ed lo explicaron desde la C\u00e1mara de Comercio. Dichas marcas son Camper, Mango, Uno de 50 o Tous, entre otras. El objetivo de la Milla es continuar promocionando la moda espa\u00f1ola en Nueva York. Asimismo, la idea es poder ampliar este evento a todo Manhattan.<\/p>\n<p>La \u00faltima marca que se ha instalado en Nueva York ha sido Pikolinos, la marca de zapatos. Aunque ha sido con la apertura de una curiosa tienda conocida bajo el formato &#8220;pop-up&#8221;, lo que significa que estar\u00e1 abierta s\u00f3lo durante tres meses para promocionar sus productos.<\/p>\n<p><a href=\"\/vistetecomopuedas\/wp-content\/uploads\/sites\/47\/2013\/06\/Moda-espa\u00f1ola-en-Nueva-York.jpg\"><img loading=\"lazy\" class=\"aligncenter size-full wp-image-1389\" title=\"Moda espa\u00f1ola en Nueva York\" src=\"\/vistetecomopuedas\/wp-content\/uploads\/sites\/47\/2013\/06\/Moda-espa\u00f1ola-en-Nueva-York.jpg\" alt=\"\" width=\"600\" height=\"582\" srcset=\"https:\/\/static-blogs.diariosur.es\/wp-content\/uploads\/sites\/47\/2013\/06\/Moda-espa\u00f1ola-en-Nueva-York.jpg 600w, https:\/\/static-blogs.diariosur.es\/wp-content\/uploads\/sites\/47\/2013\/06\/Moda-espa\u00f1ola-en-Nueva-York-300x291.jpg 300w\" sizes=\"(max-width: 600px) 100vw, 600px\" \/><\/a><\/p>\n","protected":false},"excerpt":{"rendered":"<p>\u00a1Hola! Hace unos d\u00edas os hablaba de ello por Facebook, as\u00ed que hoy he querido ampliaros un poco m\u00e1s esa noticia y transmit\u00edrosla por aqu\u00ed para los que no me le\u00e1is en esta red social. Se trata de una noticia que debe alegrarnos, sobre todo, en tiempos de crisis como los que sufrimos. Y es [&hellip;]<\/p>\n","protected":false},"author":52,"featured_media":0,"comment_status":"open","ping_status":"open","sticky":false,"template":"","format":"standard","meta":[],"categories":[667],"tags":[],"_links":{"self":[{"href":"https:\/\/blogs.diariosur.es\/vistetecomopuedas\/wp-json\/wp\/v2\/posts\/1388"}],"collection":[{"href":"https:\/\/blogs.diariosur.es\/vistetecomopuedas\/wp-json\/wp\/v2\/posts"}],"about":[{"href":"https:\/\/blogs.diariosur.es\/vistetecomopuedas\/wp-json\/wp\/v2\/types\/post"}],"author":[{"embeddable":true,"href":"https:\/\/blogs.diariosur.es\/vistetecomopuedas\/wp-json\/wp\/v2\/users\/52"}],"replies":[{"embeddable":true,"href":"https:\/\/blogs.diariosur.es\/vistetecomopuedas\/wp-json\/wp\/v2\/comments?post=1388"}],"version-history":[{"count":0,"href":"https:\/\/blogs.diariosur.es\/vistetecomopuedas\/wp-json\/wp\/v2\/posts\/1388\/revisions"}],"wp:attachment":[{"href":"https:\/\/blogs.diariosur.es\/vistetecomopuedas\/wp-json\/wp\/v2\/media?parent=1388"}],"wp:term":[{"taxonomy":"category","embeddable":true,"href":"https:\/\/blogs.diariosur.es\/vistetecomopuedas\/wp-json\/wp\/v2\/categories?post=1388"},{"taxonomy":"post_tag","embeddable":true,"href":"https:\/\/blogs.diariosur.es\/vistetecomopuedas\/wp-json\/wp\/v2\/tags?post=1388"}],"curies":[{"name":"wp","href":"https:\/\/api.w.org\/{rel}","templated":true}]}}