{"id":1390,"date":"2013-06-28T21:29:53","date_gmt":"2013-06-28T19:29:53","guid":{"rendered":"http:\/\/blogs.diariosur.es\/vistetecomopuedas\/?p=1390"},"modified":"2013-06-28T21:29:53","modified_gmt":"2013-06-28T19:29:53","slug":"yo-dona-shopping-night-y-complementoranea","status":"publish","type":"post","link":"https:\/\/blogs.diariosur.es\/vistetecomopuedas\/2013\/06\/28\/yo-dona-shopping-night-y-complementoranea\/","title":{"rendered":"&#039;Yo Dona Shopping Night&#039; y &#039;Complementor\u00e1nea&#039;"},"content":{"rendered":"<p>Como ya os dije anoche se celebraba en las calles del centro hist\u00f3rico de M\u00e1laga la &#8216;Yo Dona Shopping Night&#8217;. No puedo hablar de si fue un \u00e9xito o no, pues mi visi\u00f3n de la noche fue bastante particular, ya que para m\u00ed fue la oportunidad de mostrar mis dise\u00f1os al p\u00fablico junto con otras tres dise\u00f1adoras malague\u00f1as. As\u00ed que, salvo cinco minutos que pude escaparme para ver alguna calle, no puedo hablaros del ambiente que se vivi\u00f3 en la calle, aunque eso seguro que lo visteis vosotros mismos.<\/p>\n<p>Como os dec\u00eda, \u2018Yo Dona Shopping Night\u2019 fue el escenario elegido por Mahatma Showroom para inaugurar \u2018Complementor\u00e1nea\u2019, un evento en el que con mi marca &#8216;<a href=\"http:\/\/mythingsarechic.blogspot.com\" target=\"_blank\" rel=\"external nofollow\">The Chic<\/a>&#8216; (<a href=\"https:\/\/www.facebook.com\/ComplementosTheChic?fref=ts\" rel=\"external nofollow\">https:\/\/www.facebook.com\/ComplementosTheChic<\/a>\u00a0y\u00a0<a href=\"https:\/\/twitter.com\/TheChic_\" rel=\"external nofollow\">https:\/\/twitter.com\/TheChic_<\/a>) pude compartir espacio con otras tres marcas malague\u00f1as:\u00a0<a href=\"http:\/\/bisuteriabelenzotano.blogspot.com\/\u200e\" target=\"_blank\" rel=\"external nofollow\">Bel\u00e9n Zotano<\/a>, <a href=\"http:\/\/www.loganatocados.com\/\u200e\" target=\"_blank\" rel=\"external nofollow\">Logana Tocados<\/a>, <a href=\"https:\/\/www.facebook.com\/pages\/Mavict-Tocados\/218376058233351\u200e\" target=\"_blank\" rel=\"external nofollow\">Mavict Tocados <\/a>para exponer nuestros\u00a0dise\u00f1os. La cita cont\u00f3 tambi\u00e9n con la colaboraci\u00f3n de Frur\u00edster\u00eda, Marta Pino Postres, Rafael Bueno Peluqueros y la Escuela Superior de Modelos Manuel Beltr\u00e1n<\/p>\n<p>Como os digo, desde las 20.00 a 00.00 horas estuvimos en Mahatma Showroom, un espacio cultural y participativo Mahatma Showroom (www.mahatmashowroom.com) creado por Mahatma Arquitectos para promover el arte y el dise\u00f1o. La cita fue todo un \u00e9xito y cont\u00f3 con un gran n\u00famero de asistentes. Durante el evento, adem\u00e1s de mostrar los complementos y tocados de las cuatro marcas se degustaron diferentes clases de infugintonics, cava y una amplia variedad de postres.<\/p>\n<p>\u2018Complementor\u00e1nea\u2019 estar\u00e1 abierta hasta ma\u00f1ana y ofrecer\u00e1 tambi\u00e9n la posibilidad de asistir a las charlas \u2018Atr\u00e9vete con el tocado\u2019 en las que dar\u00e1n las claves para lucir un tocado, y algunas normas de protocolo para su uso.<\/p>\n<p>Ayer descubr\u00ed que muchas de las personas que me conoc\u00edan no ten\u00edan ni idea de que hac\u00eda collares, camisetas y otros complementos bajo mi propia marca The Chic, algo que me sorprendi\u00f3 bastante, as\u00ed que los que no lo supi\u00e9rais y me le\u00e1is ahora, ya lo sab\u00e9is. The Chic es una marca handmade de complementos y camisetas con un estilo coqueto e informal. Pod\u00e9is ver algunos de los dise\u00f1os en este <a href=\"http:\/\/mythingsarechic.blogspot.com\" target=\"_blank\" rel=\"external nofollow\">blog<\/a>. Los precios son bastante asequibles, ya que rondan desde los 10 a los 15 \u20ac.<\/p>\n<p><a href=\"\/vistetecomopuedas\/wp-content\/uploads\/sites\/47\/2013\/06\/yodonashopping.jpg\"><img loading=\"lazy\" class=\"aligncenter size-full wp-image-1391\" title=\"yodonashopping\" src=\"\/vistetecomopuedas\/wp-content\/uploads\/sites\/47\/2013\/06\/yodonashopping.jpg\" alt=\"\" width=\"660\" height=\"800\" srcset=\"https:\/\/static-blogs.diariosur.es\/wp-content\/uploads\/sites\/47\/2013\/06\/yodonashopping.jpg 660w, https:\/\/static-blogs.diariosur.es\/wp-content\/uploads\/sites\/47\/2013\/06\/yodonashopping-248x300.jpg 248w\" sizes=\"(max-width: 660px) 100vw, 660px\" \/><\/a><\/p>\n<p><a href=\"\/vistetecomopuedas\/wp-content\/uploads\/sites\/47\/2013\/06\/yodonashopping2.jpg\"><img loading=\"lazy\" class=\"aligncenter size-full wp-image-1392\" title=\"yodonashopping2\" src=\"\/vistetecomopuedas\/wp-content\/uploads\/sites\/47\/2013\/06\/yodonashopping2.jpg\" alt=\"\" width=\"660\" height=\"800\" srcset=\"https:\/\/static-blogs.diariosur.es\/wp-content\/uploads\/sites\/47\/2013\/06\/yodonashopping2.jpg 660w, https:\/\/static-blogs.diariosur.es\/wp-content\/uploads\/sites\/47\/2013\/06\/yodonashopping2-248x300.jpg 248w\" sizes=\"(max-width: 660px) 100vw, 660px\" \/><\/a><\/p>\n<p><a href=\"\/vistetecomopuedas\/wp-content\/uploads\/sites\/47\/2013\/06\/yodonashopping3.jpg\"><img loading=\"lazy\" class=\"aligncenter size-full wp-image-1393\" title=\"yodonashopping3\" src=\"\/vistetecomopuedas\/wp-content\/uploads\/sites\/47\/2013\/06\/yodonashopping3.jpg\" alt=\"\" width=\"660\" height=\"800\" srcset=\"https:\/\/static-blogs.diariosur.es\/wp-content\/uploads\/sites\/47\/2013\/06\/yodonashopping3.jpg 660w, https:\/\/static-blogs.diariosur.es\/wp-content\/uploads\/sites\/47\/2013\/06\/yodonashopping3-248x300.jpg 248w\" sizes=\"(max-width: 660px) 100vw, 660px\" \/><\/a><\/p>\n<p>&nbsp;<\/p>\n<p>&nbsp;<\/p>\n<div id=\"attachment_1398\" style=\"width: 1034px\" class=\"wp-caption aligncenter\"><a href=\"\/vistetecomopuedas\/wp-content\/uploads\/sites\/47\/2013\/06\/MG_56871.jpg\"><img aria-describedby=\"caption-attachment-1398\" loading=\"lazy\" class=\"size-full wp-image-1398\" title=\"_MG_5687\" src=\"\/vistetecomopuedas\/wp-content\/uploads\/sites\/47\/2013\/06\/MG_56871.jpg\" alt=\"\" width=\"1024\" height=\"683\" srcset=\"https:\/\/static-blogs.diariosur.es\/wp-content\/uploads\/sites\/47\/2013\/06\/MG_56871.jpg 1024w, https:\/\/static-blogs.diariosur.es\/wp-content\/uploads\/sites\/47\/2013\/06\/MG_56871-300x200.jpg 300w, https:\/\/static-blogs.diariosur.es\/wp-content\/uploads\/sites\/47\/2013\/06\/MG_56871-768x512.jpg 768w\" sizes=\"(max-width: 1024px) 100vw, 1024px\" \/><\/a><p id=\"caption-attachment-1398\" class=\"wp-caption-text\">Imagen de Elena Doblas<\/p><\/div>\n","protected":false},"excerpt":{"rendered":"<p>Como ya os dije anoche se celebraba en las calles del centro hist\u00f3rico de M\u00e1laga la &#8216;Yo Dona Shopping Night&#8217;. No puedo hablar de si fue un \u00e9xito o no, pues mi visi\u00f3n de la noche fue bastante particular, ya que para m\u00ed fue la oportunidad de mostrar mis dise\u00f1os al p\u00fablico junto con otras [&hellip;]<\/p>\n","protected":false},"author":52,"featured_media":0,"comment_status":"open","ping_status":"open","sticky":false,"template":"","format":"standard","meta":[],"categories":[667],"tags":[],"_links":{"self":[{"href":"https:\/\/blogs.diariosur.es\/vistetecomopuedas\/wp-json\/wp\/v2\/posts\/1390"}],"collection":[{"href":"https:\/\/blogs.diariosur.es\/vistetecomopuedas\/wp-json\/wp\/v2\/posts"}],"about":[{"href":"https:\/\/blogs.diariosur.es\/vistetecomopuedas\/wp-json\/wp\/v2\/types\/post"}],"author":[{"embeddable":true,"href":"https:\/\/blogs.diariosur.es\/vistetecomopuedas\/wp-json\/wp\/v2\/users\/52"}],"replies":[{"embeddable":true,"href":"https:\/\/blogs.diariosur.es\/vistetecomopuedas\/wp-json\/wp\/v2\/comments?post=1390"}],"version-history":[{"count":0,"href":"https:\/\/blogs.diariosur.es\/vistetecomopuedas\/wp-json\/wp\/v2\/posts\/1390\/revisions"}],"wp:attachment":[{"href":"https:\/\/blogs.diariosur.es\/vistetecomopuedas\/wp-json\/wp\/v2\/media?parent=1390"}],"wp:term":[{"taxonomy":"category","embeddable":true,"href":"https:\/\/blogs.diariosur.es\/vistetecomopuedas\/wp-json\/wp\/v2\/categories?post=1390"},{"taxonomy":"post_tag","embeddable":true,"href":"https:\/\/blogs.diariosur.es\/vistetecomopuedas\/wp-json\/wp\/v2\/tags?post=1390"}],"curies":[{"name":"wp","href":"https:\/\/api.w.org\/{rel}","templated":true}]}}