{"id":1399,"date":"2013-07-08T22:11:25","date_gmt":"2013-07-08T20:11:25","guid":{"rendered":"http:\/\/blogs.diariosur.es\/vistetecomopuedas\/?p=1399"},"modified":"2013-07-08T22:11:25","modified_gmt":"2013-07-08T20:11:25","slug":"tendencias-basicos-para-este-verano-2013","status":"publish","type":"post","link":"https:\/\/blogs.diariosur.es\/vistetecomopuedas\/2013\/07\/08\/tendencias-basicos-para-este-verano-2013\/","title":{"rendered":"Tendencias. B\u00e1sicos para este verano 2013"},"content":{"rendered":"<p>\u00a1Hola!, \u00bfQu\u00e9 tal est\u00e1is?, yo algo perdida por estos lares debido a que el tiempo libre escasea y mis d\u00edas parecen tener menos horas que las del resto, pues no saco tiempo para todo lo que tengo que hacer, pero bueno, el empe\u00f1o y la voluntad pueden con todo, as\u00ed que aqu\u00ed estoy de nuevo. Con las rebajas empezadas (que debo confesar que cada vez las frecuento menos) y el verano que parece que se decide a arrancar por fin, toca saber algunos de los b\u00e1sicos que no deben faltar en nuestro armario esta temporada.<\/p>\n<p>Uno de ellos es un vestido blanco. Si a\u00f1os atr\u00e1s eran los LBD (Little Black Dress), o en nuestro idioma: un vestido corto negro, el blanco lleg\u00f3 ya hace varias temporadas y sigue aqu\u00ed para quedarse. Desde luego, nadie puede dudar de lo favorecedores que resultan con el moreno veraniego. Proponemos este de <a href=\"http:\/\/veromoda.com\" target=\"_blank\" rel=\"external nofollow\">Vero Moda<\/a>.<\/p>\n<p>Los accesorios siempre son un b\u00e1sico, en verano, adem\u00e1s de unas buenas gafas de sol, nada mejor que protegerse de los rayos ultravioletas bajo un borsalino, o cualquier otro tipo de sombrero, como la versi\u00f3n pamela. A m\u00ed me gusta este de <a href=\"http:\/\/modcloth.com\" target=\"_blank\" rel=\"external nofollow\">Mod Cloth<\/a>. M\u00e1s accesorios proponemos tambi\u00e9n para nuestros m\u00f3viles, como este de <a href=\"http:\/\/phonefancy.com\" rel=\"external nofollow\">PhoneFancy<\/a><\/p>\n<p>Tambi\u00e9n est\u00e1n muy presente esta temporada los estampados orientales, aunque tambi\u00e9n los de estilo navajo -como este de <a href=\"http:\/\/iro.fr\" target=\"_blank\" rel=\"external nofollow\">Lofina<\/a>&#8211; e incluso tejanos. El caso es poner una nota de color.<\/p>\n<p>Por \u00faltimo, no puede faltar este verano un top corto, como este de<a href=\"http:\/\/pullandbear.com\" target=\"_blank\" rel=\"external nofollow\"> Pull &#038; Bear <\/a>con mensaje incorporado.<\/p>\n<p>Estas son algunas de las propuestas para este verano 2013. \u00bfTen\u00e9is ya alguna de ellas?<\/p>\n<p><a href=\"\/vistetecomopuedas\/wp-content\/uploads\/sites\/47\/2013\/07\/MODA-IN-AND-OUT.jpg\"><img loading=\"lazy\" class=\"aligncenter size-full wp-image-1400\" title=\"MODA IN AND OUT\" src=\"\/vistetecomopuedas\/wp-content\/uploads\/sites\/47\/2013\/07\/MODA-IN-AND-OUT.jpg\" alt=\"\" width=\"660\" height=\"800\" srcset=\"https:\/\/static-blogs.diariosur.es\/wp-content\/uploads\/sites\/47\/2013\/07\/MODA-IN-AND-OUT.jpg 660w, https:\/\/static-blogs.diariosur.es\/wp-content\/uploads\/sites\/47\/2013\/07\/MODA-IN-AND-OUT-248x300.jpg 248w\" sizes=\"(max-width: 660px) 100vw, 660px\" \/><\/a><\/p>\n","protected":false},"excerpt":{"rendered":"<p>\u00a1Hola!, \u00bfQu\u00e9 tal est\u00e1is?, yo algo perdida por estos lares debido a que el tiempo libre escasea y mis d\u00edas parecen tener menos horas que las del resto, pues no saco tiempo para todo lo que tengo que hacer, pero bueno, el empe\u00f1o y la voluntad pueden con todo, as\u00ed que aqu\u00ed estoy de nuevo. [&hellip;]<\/p>\n","protected":false},"author":52,"featured_media":0,"comment_status":"open","ping_status":"open","sticky":false,"template":"","format":"standard","meta":[],"categories":[667],"tags":[],"_links":{"self":[{"href":"https:\/\/blogs.diariosur.es\/vistetecomopuedas\/wp-json\/wp\/v2\/posts\/1399"}],"collection":[{"href":"https:\/\/blogs.diariosur.es\/vistetecomopuedas\/wp-json\/wp\/v2\/posts"}],"about":[{"href":"https:\/\/blogs.diariosur.es\/vistetecomopuedas\/wp-json\/wp\/v2\/types\/post"}],"author":[{"embeddable":true,"href":"https:\/\/blogs.diariosur.es\/vistetecomopuedas\/wp-json\/wp\/v2\/users\/52"}],"replies":[{"embeddable":true,"href":"https:\/\/blogs.diariosur.es\/vistetecomopuedas\/wp-json\/wp\/v2\/comments?post=1399"}],"version-history":[{"count":0,"href":"https:\/\/blogs.diariosur.es\/vistetecomopuedas\/wp-json\/wp\/v2\/posts\/1399\/revisions"}],"wp:attachment":[{"href":"https:\/\/blogs.diariosur.es\/vistetecomopuedas\/wp-json\/wp\/v2\/media?parent=1399"}],"wp:term":[{"taxonomy":"category","embeddable":true,"href":"https:\/\/blogs.diariosur.es\/vistetecomopuedas\/wp-json\/wp\/v2\/categories?post=1399"},{"taxonomy":"post_tag","embeddable":true,"href":"https:\/\/blogs.diariosur.es\/vistetecomopuedas\/wp-json\/wp\/v2\/tags?post=1399"}],"curies":[{"name":"wp","href":"https:\/\/api.w.org\/{rel}","templated":true}]}}