{"id":1625,"date":"2016-11-20T20:39:59","date_gmt":"2016-11-20T19:39:59","guid":{"rendered":"http:\/\/blogs.diariosur.es\/vistetecomopuedas\/?p=1625"},"modified":"2016-11-20T20:39:59","modified_gmt":"2016-11-20T19:39:59","slug":"un-peinado-para-cada-dia-de-la-semana","status":"publish","type":"post","link":"https:\/\/blogs.diariosur.es\/vistetecomopuedas\/2016\/11\/20\/un-peinado-para-cada-dia-de-la-semana\/","title":{"rendered":"Un peinado para cada d\u00eda de la semana"},"content":{"rendered":"<p>\u00daltimamente el pelo me trae por la calle de la amargura. No quiero recurrir al tinte o a las mechas pero me apetece verlo distinto, as\u00ed que cambiar de peinados es una buena forma para ir d\u00e1ndole un aire distinto a m\u00ed look. Mi problema es que no soy nada ma\u00f1osa con el pelo, creo que alguna vez ya os lo he confesado. As\u00ed que creo que lo m\u00e1s f\u00e1cil para m\u00ed son las trenzas, alg\u00fan mo\u00f1o y llevar el pelo suelto. Partiendo de estas tres propuestas he intentado buscar alguna opci\u00f3n para darle un toque algo m\u00e1s mono, as\u00ed que aqu\u00ed comparto con vosotras cinco peinados para cada d\u00eda de la semana.<\/p>\n\n\t\t<style type=\"text\/css\">\n\t\t\t#gallery-1 {\n\t\t\t\tmargin: auto;\n\t\t\t}\n\t\t\t#gallery-1 .gallery-item {\n\t\t\t\tfloat: left;\n\t\t\t\tmargin-top: 10px;\n\t\t\t\ttext-align: center;\n\t\t\t\twidth: 33%;\n\t\t\t}\n\t\t\t#gallery-1 img {\n\t\t\t\tborder: 2px solid #cfcfcf;\n\t\t\t}\n\t\t\t#gallery-1 .gallery-caption {\n\t\t\t\tmargin-left: 0;\n\t\t\t}\n\t\t\t\/* see gallery_shortcode() in wp-includes\/media.php *\/\n\t\t<\/style>\n\t\t<div id='gallery-1' class='gallery galleryid-1625 gallery-columns-3 gallery-size-thumbnail'><dl class='gallery-item'>\n\t\t\t<dt class='gallery-icon portrait'>\n\t\t\t\t<a href=\"https:\/\/blogs.diariosur.es\/vistetecomopuedas\/2016\/11\/20\/un-peinado-para-cada-dia-de-la-semana\/peinado-1\/\"><img width=\"150\" height=\"150\" src=\"https:\/\/static-blogs.diariosur.es\/wp-content\/uploads\/sites\/47\/2016\/11\/peinado-1-150x150.jpg\" class=\"attachment-thumbnail size-thumbnail\" alt=\"\" loading=\"lazy\" \/><\/a>\n\t\t\t<\/dt><\/dl><dl class='gallery-item'>\n\t\t\t<dt class='gallery-icon portrait'>\n\t\t\t\t<a href=\"https:\/\/blogs.diariosur.es\/vistetecomopuedas\/2016\/11\/20\/un-peinado-para-cada-dia-de-la-semana\/peinado-2\/\"><img width=\"150\" height=\"150\" src=\"https:\/\/static-blogs.diariosur.es\/wp-content\/uploads\/sites\/47\/2016\/11\/peinado-2-150x150.jpg\" class=\"attachment-thumbnail size-thumbnail\" alt=\"\" loading=\"lazy\" \/><\/a>\n\t\t\t<\/dt><\/dl><dl class='gallery-item'>\n\t\t\t<dt class='gallery-icon portrait'>\n\t\t\t\t<a href=\"https:\/\/blogs.diariosur.es\/vistetecomopuedas\/2016\/11\/20\/un-peinado-para-cada-dia-de-la-semana\/peinado-3\/\"><img width=\"150\" height=\"150\" src=\"https:\/\/static-blogs.diariosur.es\/wp-content\/uploads\/sites\/47\/2016\/11\/peinado-3-150x150.jpg\" class=\"attachment-thumbnail size-thumbnail\" alt=\"\" loading=\"lazy\" \/><\/a>\n\t\t\t<\/dt><\/dl><br style=\"clear: both\" \/><dl class='gallery-item'>\n\t\t\t<dt class='gallery-icon landscape'>\n\t\t\t\t<a href=\"https:\/\/blogs.diariosur.es\/vistetecomopuedas\/2016\/11\/20\/un-peinado-para-cada-dia-de-la-semana\/peinado-4\/\"><img width=\"150\" height=\"150\" src=\"https:\/\/static-blogs.diariosur.es\/wp-content\/uploads\/sites\/47\/2016\/11\/peinado-4-150x150.jpg\" class=\"attachment-thumbnail size-thumbnail\" alt=\"\" loading=\"lazy\" srcset=\"https:\/\/static-blogs.diariosur.es\/wp-content\/uploads\/sites\/47\/2016\/11\/peinado-4-150x150.jpg 150w, https:\/\/static-blogs.diariosur.es\/wp-content\/uploads\/sites\/47\/2016\/11\/peinado-4-300x300.jpg 300w, https:\/\/static-blogs.diariosur.es\/wp-content\/uploads\/sites\/47\/2016\/11\/peinado-4.jpg 480w\" sizes=\"(max-width: 150px) 100vw, 150px\" \/><\/a>\n\t\t\t<\/dt><\/dl><dl class='gallery-item'>\n\t\t\t<dt class='gallery-icon landscape'>\n\t\t\t\t<a href=\"https:\/\/blogs.diariosur.es\/vistetecomopuedas\/2016\/11\/20\/un-peinado-para-cada-dia-de-la-semana\/peinado-5\/\"><img width=\"150\" height=\"150\" src=\"https:\/\/static-blogs.diariosur.es\/wp-content\/uploads\/sites\/47\/2016\/11\/peinado-5-150x150.jpg\" class=\"attachment-thumbnail size-thumbnail\" alt=\"\" loading=\"lazy\" \/><\/a>\n\t\t\t<\/dt><\/dl>\n\t\t\t<br style='clear: both' \/>\n\t\t<\/div>\n\n","protected":false},"excerpt":{"rendered":"<p>\u00daltimamente el pelo me trae por la calle de la amargura. No quiero recurrir al tinte o a las mechas pero me apetece verlo distinto, as\u00ed que cambiar de peinados es una buena forma para ir d\u00e1ndole un aire distinto a m\u00ed look. Mi problema es que no soy nada ma\u00f1osa con el pelo, creo [&hellip;]<\/p>\n","protected":false},"author":52,"featured_media":0,"comment_status":"open","ping_status":"open","sticky":false,"template":"","format":"standard","meta":[],"categories":[667],"tags":[821,993,1030,1031],"_links":{"self":[{"href":"https:\/\/blogs.diariosur.es\/vistetecomopuedas\/wp-json\/wp\/v2\/posts\/1625"}],"collection":[{"href":"https:\/\/blogs.diariosur.es\/vistetecomopuedas\/wp-json\/wp\/v2\/posts"}],"about":[{"href":"https:\/\/blogs.diariosur.es\/vistetecomopuedas\/wp-json\/wp\/v2\/types\/post"}],"author":[{"embeddable":true,"href":"https:\/\/blogs.diariosur.es\/vistetecomopuedas\/wp-json\/wp\/v2\/users\/52"}],"replies":[{"embeddable":true,"href":"https:\/\/blogs.diariosur.es\/vistetecomopuedas\/wp-json\/wp\/v2\/comments?post=1625"}],"version-history":[{"count":0,"href":"https:\/\/blogs.diariosur.es\/vistetecomopuedas\/wp-json\/wp\/v2\/posts\/1625\/revisions"}],"wp:attachment":[{"href":"https:\/\/blogs.diariosur.es\/vistetecomopuedas\/wp-json\/wp\/v2\/media?parent=1625"}],"wp:term":[{"taxonomy":"category","embeddable":true,"href":"https:\/\/blogs.diariosur.es\/vistetecomopuedas\/wp-json\/wp\/v2\/categories?post=1625"},{"taxonomy":"post_tag","embeddable":true,"href":"https:\/\/blogs.diariosur.es\/vistetecomopuedas\/wp-json\/wp\/v2\/tags?post=1625"}],"curies":[{"name":"wp","href":"https:\/\/api.w.org\/{rel}","templated":true}]}}