{"id":775,"date":"2010-12-16T13:28:00","date_gmt":"2010-12-16T13:28:00","guid":{"rendered":"http:\/\/blogs.diariosur.es\/vistetecomopuedas\/2010\/12\/16\/union-de-las-bloggers-de-moda-por-navidad\/"},"modified":"2010-12-16T13:28:00","modified_gmt":"2010-12-16T13:28:00","slug":"union-de-las-bloggers-de-moda-por-navidad","status":"publish","type":"post","link":"https:\/\/blogs.diariosur.es\/vistetecomopuedas\/2010\/12\/16\/union-de-las-bloggers-de-moda-por-navidad\/","title":{"rendered":">Uni\u00f3n de las bloggers de moda por navidad"},"content":{"rendered":"<p>>Seguro que casi todas lo sab\u00e9is ya, gracias a una idea de Bel\u00e9n del blog <a href=\"http:\/\/www.balamoda.net\/\" rel=\"external nofollow\">B a la moda<\/a>, un gran n\u00famero de bloggers nos hemos unido para crear una sorpresa por navidad y el resultado ha sido este:<\/p>\n<p>\u00bfQu\u00e9 os parece?&#8230; bueno, por si no me hab\u00e9is reconocido yo soy la que sale casi al final -un par de segundos- poniendo el arbolito de navidad. La verdad es que a m\u00ed me ha encantado el v\u00eddeo, creo que es muy bonito que personas de distintas partes de Espa\u00f1a y que no se conocen entre s\u00ed se unan para hacer una sorpresa de este tipo para todas las seguidoras y para nosotras mismas.<\/p>\n<p>Personalmente dud\u00e9 en hacer mi parte -porque hay que decir que cada una ha enviado su parte por separado, con lo que no quiero ni imaginar el trabajazo que habr\u00e1 sido para Bel\u00e9n y su marido recopilar todos los v\u00eddeos y montarlos-. Pues eso, que dud\u00e9 porque no sab\u00eda bien qu\u00e9 hacer y pensaba que quiz\u00e1s quedaba rid\u00edcula, pero ahora me alegro mucho de haber aportado mi granito de arena porque me encanta el resultado.<\/p>\n<p>En fin, s\u00f3lo quer\u00eda compartir el v\u00eddeo y por supuesto, volver a valorar el esfuerzo y la iniciativa de Bel\u00e9n, pues sin ella no hubiera sido posible nada de esto.<\/p>\n<p>Y por \u00faltimo, como no lo hago en el v\u00eddeo, s\u00f3lo me queda expresar mi deseo para el pr\u00f3ximo a\u00f1o. Espero que 2011 traiga el fin de la crisis -que a m\u00ed me afecta personalmente-, mucha salud, alegr\u00eda y s\u00f3lo cosas buenas. \u00a1Felices fiestas!<\/p>\n","protected":false},"excerpt":{"rendered":"<p>>Seguro que casi todas lo sab\u00e9is ya, gracias a una idea de Bel\u00e9n del blog B a la moda, un gran n\u00famero de bloggers nos hemos unido para crear una sorpresa por navidad y el resultado ha sido este: \u00bfQu\u00e9 os parece?&#8230; bueno, por si no me hab\u00e9is reconocido yo soy la que sale casi [&hellip;]<\/p>\n","protected":false},"author":52,"featured_media":0,"comment_status":"open","ping_status":"closed","sticky":false,"template":"","format":"standard","meta":[],"categories":[667],"tags":[],"_links":{"self":[{"href":"https:\/\/blogs.diariosur.es\/vistetecomopuedas\/wp-json\/wp\/v2\/posts\/775"}],"collection":[{"href":"https:\/\/blogs.diariosur.es\/vistetecomopuedas\/wp-json\/wp\/v2\/posts"}],"about":[{"href":"https:\/\/blogs.diariosur.es\/vistetecomopuedas\/wp-json\/wp\/v2\/types\/post"}],"author":[{"embeddable":true,"href":"https:\/\/blogs.diariosur.es\/vistetecomopuedas\/wp-json\/wp\/v2\/users\/52"}],"replies":[{"embeddable":true,"href":"https:\/\/blogs.diariosur.es\/vistetecomopuedas\/wp-json\/wp\/v2\/comments?post=775"}],"version-history":[{"count":0,"href":"https:\/\/blogs.diariosur.es\/vistetecomopuedas\/wp-json\/wp\/v2\/posts\/775\/revisions"}],"wp:attachment":[{"href":"https:\/\/blogs.diariosur.es\/vistetecomopuedas\/wp-json\/wp\/v2\/media?parent=775"}],"wp:term":[{"taxonomy":"category","embeddable":true,"href":"https:\/\/blogs.diariosur.es\/vistetecomopuedas\/wp-json\/wp\/v2\/categories?post=775"},{"taxonomy":"post_tag","embeddable":true,"href":"https:\/\/blogs.diariosur.es\/vistetecomopuedas\/wp-json\/wp\/v2\/tags?post=775"}],"curies":[{"name":"wp","href":"https:\/\/api.w.org\/{rel}","templated":true}]}}