{"id":816,"date":"2011-02-20T12:25:00","date_gmt":"2011-02-20T12:25:00","guid":{"rendered":"http:\/\/blogs.diariosur.es\/vistetecomopuedas\/2011\/02\/20\/essence-crece\/"},"modified":"2011-02-20T12:25:00","modified_gmt":"2011-02-20T12:25:00","slug":"essence-crece","status":"publish","type":"post","link":"https:\/\/blogs.diariosur.es\/vistetecomopuedas\/2011\/02\/20\/essence-crece\/","title":{"rendered":">Essence crece"},"content":{"rendered":"<p>>El otro d\u00eda entr\u00e9 a una perfumer\u00eda en la que venden productos de Essence y me llev\u00e9 la sorpresa de que esta marca tambi\u00e9n tiene pendientes y collares. No sab\u00eda que fabricaban productos de bisuter\u00eda. De hecho, en la p\u00e1gina web ni siquiera figura que comercialicen este tipo de productos, pero lo cierto es que es una buena idea, sobre todo si mantienen su relaci\u00f3n calidad-precio a la que nos tienen acostumbrados en cosm\u00e9tica.<\/p>\n<p>Os dejo una imagen con dos de los pendientes de Essence que encontr\u00e9 en la tienda. Bueno aunque en el de la derecha, como veis vienen dos pares de pendientes.&nbsp; <\/p>\n<div class=\"separator\" style=\"clear: both;text-align: center\"><a href=\"http:\/\/2.bp.blogspot.com\/--BFubAW2zk8\/TWEGuZZEnoI\/AAAAAAAAA-Q\/1nT1Uu75Woc\/s1600\/ess.jpg\" rel=\"external nofollow\"><img border=\"0\" src=\"\/\/2.bp.blogspot.com\/--BFubAW2zk8\/TWEGuZZEnoI\/AAAAAAAAA-Q\/1nT1Uu75Woc\/s1600\/ess.jpg\" \/><\/a><\/div>\n<p>Adem\u00e1s, me llam\u00f3 tambi\u00e9n la atenci\u00f3n la cantidad de productos de cosm\u00e9tica que tiene essence. Lo digo porque encontr\u00e9 muchas m\u00e1s cosas de las que vend\u00edan hace meses. Ahora venden tambi\u00e9n cositas para el cuidado facial e incluso de los pies!.<\/p>\n<p>Vosotras \u00bfsab\u00edais lo de la bisuter\u00eda de Essence?<br \/>Besitos<\/p>\n","protected":false},"excerpt":{"rendered":"<p>>El otro d\u00eda entr\u00e9 a una perfumer\u00eda en la que venden productos de Essence y me llev\u00e9 la sorpresa de que esta marca tambi\u00e9n tiene pendientes y collares. No sab\u00eda que fabricaban productos de bisuter\u00eda. De hecho, en la p\u00e1gina web ni siquiera figura que comercialicen este tipo de productos, pero lo cierto es que [&hellip;]<\/p>\n","protected":false},"author":52,"featured_media":0,"comment_status":"open","ping_status":"closed","sticky":false,"template":"","format":"standard","meta":[],"categories":[269],"tags":[],"_links":{"self":[{"href":"https:\/\/blogs.diariosur.es\/vistetecomopuedas\/wp-json\/wp\/v2\/posts\/816"}],"collection":[{"href":"https:\/\/blogs.diariosur.es\/vistetecomopuedas\/wp-json\/wp\/v2\/posts"}],"about":[{"href":"https:\/\/blogs.diariosur.es\/vistetecomopuedas\/wp-json\/wp\/v2\/types\/post"}],"author":[{"embeddable":true,"href":"https:\/\/blogs.diariosur.es\/vistetecomopuedas\/wp-json\/wp\/v2\/users\/52"}],"replies":[{"embeddable":true,"href":"https:\/\/blogs.diariosur.es\/vistetecomopuedas\/wp-json\/wp\/v2\/comments?post=816"}],"version-history":[{"count":0,"href":"https:\/\/blogs.diariosur.es\/vistetecomopuedas\/wp-json\/wp\/v2\/posts\/816\/revisions"}],"wp:attachment":[{"href":"https:\/\/blogs.diariosur.es\/vistetecomopuedas\/wp-json\/wp\/v2\/media?parent=816"}],"wp:term":[{"taxonomy":"category","embeddable":true,"href":"https:\/\/blogs.diariosur.es\/vistetecomopuedas\/wp-json\/wp\/v2\/categories?post=816"},{"taxonomy":"post_tag","embeddable":true,"href":"https:\/\/blogs.diariosur.es\/vistetecomopuedas\/wp-json\/wp\/v2\/tags?post=816"}],"curies":[{"name":"wp","href":"https:\/\/api.w.org\/{rel}","templated":true}]}}