{"id":819,"date":"2011-02-23T10:38:00","date_gmt":"2011-02-23T10:38:00","guid":{"rendered":"http:\/\/blogs.diariosur.es\/vistetecomopuedas\/2011\/02\/23\/%c2%a1estrenando-vaqueros\/"},"modified":"2011-02-23T10:38:00","modified_gmt":"2011-02-23T10:38:00","slug":"estrenando-vaqueros","status":"publish","type":"post","link":"https:\/\/blogs.diariosur.es\/vistetecomopuedas\/2011\/02\/23\/estrenando-vaqueros\/","title":{"rendered":">\u00a1Estrenando vaqueros!"},"content":{"rendered":"<p>>\u00a1Hola de nuevo!, muchas gracias por vuestras visitas y comentarios, me alegro que (aunque no a todas) os gustaran las gafas de sol que os mostr\u00e9 ayer aunque tengo que decir que no me las compr\u00e9. Me hicieron gracia y las v\u00ed muy monas pero yo no me veo con ellas. No obstante quer\u00eda saber vuestra opini\u00f3n, me interesaba saber si os gustaban ese tipo de gafas y si sois arriesgadas en este tipo de complementos. Digamos que era una encuesta pero con foto (en la que por cierto no me veo muy favorecida, pero gracias por verme con tan buenos ojos)<\/p>\n<p><a name='more'><\/a><\/p>\n<p>Hoy os traigo un look distinto. Es diferente por varias cosas: porque llevo el pelo liso, porque llevo gorrito y porque despu\u00e9s de un tiempo sin vaqueros he vuelto a pon\u00e9rmelos. Estos son nuevos, me encantaron cuando los v\u00ed en Zara y me los compr\u00e9. Son de nueva temporada, es una de las prendas a las que ya he sucumbido y que ya puedo estrenar \ud83d\ude42<\/p>\n<p><i><span style=\"color: #666666\">Hello again!, Thank you very much for your comments.<\/span> <span style=\"color: #666666\">Today I bring a different look. It is different for several things because I have straight hair, because I hat and because after a while without jeans I wear them again. These are new, I loved when I saw at Zara and I bought them. Are new season, is one of the items to which I have fallen \ud83d\ude42<\/span><\/i> <\/p>\n<div class=\"separator\" style=\"clear: both;text-align: center\"><a href=\"http:\/\/3.bp.blogspot.com\/-aTWHSf_hSU4\/TWQ7KTE_oxI\/AAAAAAAAA_M\/0GFx43Com-Y\/s1600\/ok.jpg\" rel=\"external nofollow\"><img border=\"0\" src=\"\/\/3.bp.blogspot.com\/-aTWHSf_hSU4\/TWQ7KTE_oxI\/AAAAAAAAA_M\/0GFx43Com-Y\/s1600\/ok.jpg\" \/><\/a><\/div>\n<p><\/p>\n<div class=\"separator\" style=\"clear: both;text-align: center\"><a href=\"http:\/\/4.bp.blogspot.com\/-0gAByaESSII\/TWQ7O8XcGEI\/AAAAAAAAA_Q\/8RDYCzLI9eg\/s1600\/ok2.jpg\" rel=\"external nofollow\"><img border=\"0\" src=\"\/\/4.bp.blogspot.com\/-0gAByaESSII\/TWQ7O8XcGEI\/AAAAAAAAA_Q\/8RDYCzLI9eg\/s1600\/ok2.jpg\" \/><\/a><\/div>\n<p><\/p>\n<div class=\"separator\" style=\"clear: both;text-align: center\"><a href=\"http:\/\/3.bp.blogspot.com\/-j9R1sGAjKGM\/TWQ7T5YuV7I\/AAAAAAAAA_U\/hlXBhvBa6VA\/s1600\/ok4.jpg\" rel=\"external nofollow\"><img border=\"0\" src=\"\/\/3.bp.blogspot.com\/-j9R1sGAjKGM\/TWQ7T5YuV7I\/AAAAAAAAA_U\/hlXBhvBa6VA\/s1600\/ok4.jpg\" \/><\/a><\/div>\n<p><\/p>\n<div class=\"separator\" style=\"clear: both;text-align: center\"><a href=\"http:\/\/2.bp.blogspot.com\/-1bNQHFFprW8\/TWQ7XIFV5LI\/AAAAAAAAA_Y\/3uxiyLgF2MI\/s1600\/ok5.jpg\" rel=\"external nofollow\"><img border=\"0\" src=\"\/\/2.bp.blogspot.com\/-1bNQHFFprW8\/TWQ7XIFV5LI\/AAAAAAAAA_Y\/3uxiyLgF2MI\/s1600\/ok5.jpg\" \/><\/a><\/div>\n<p>\u00bfOs gusta mi bolso?, a m\u00ed me encanta su estilo y su tama\u00f1o. Adem\u00e1s tiene un asa m\u00e1s larga para llevarlo tipo bandolera.<\/p>\n<p>Y aqu\u00ed os presento a mi collar babero:<\/p>\n<p><i><span style=\"color: #666666\">Do you like my bag?, I love your style and size. <\/span><br \/><span style=\"color: #666666\">And here I present my necklace:<\/span><\/i> <\/p>\n<div class=\"separator\" style=\"clear: both;text-align: center\"><a href=\"http:\/\/3.bp.blogspot.com\/-ltpiQUHhBzs\/TWQ7aIUbElI\/AAAAAAAAA_c\/T4w_wVhsQV8\/s1600\/ok7.jpg\" rel=\"external nofollow\"><img border=\"0\" src=\"\/\/3.bp.blogspot.com\/-ltpiQUHhBzs\/TWQ7aIUbElI\/AAAAAAAAA_c\/T4w_wVhsQV8\/s1600\/ok7.jpg\" \/><\/a><\/div>\n<p>Besitos y gracias por visitar y comentar!<\/p>\n<p><i>Kisses and thank for comments! <\/i><\/p>\n<div style=\"color: #444444;text-align: center\">Pantal\u00f3n: Zara (Temporada primavera-verano 2011)<\/div>\n<div style=\"color: #444444;text-align: center\">Jersey: Springfield woman (old)<\/div>\n<div style=\"color: #444444;text-align: center\">Chaqueta: Stradivarius (old)<\/div>\n<div style=\"color: #444444;text-align: center\">Pa\u00f1uelo\/Foulard: Primark<\/div>\n<div style=\"color: #444444;text-align: center\">Gorro: Blanco<\/div>\n<div style=\"color: #444444;text-align: center\">Collar: H&#038;M<\/div>\n<div style=\"color: #444444;text-align: center\">Bolso: Primark<\/div>\n","protected":false},"excerpt":{"rendered":"<p>>\u00a1Hola de nuevo!, muchas gracias por vuestras visitas y comentarios, me alegro que (aunque no a todas) os gustaran las gafas de sol que os mostr\u00e9 ayer aunque tengo que decir que no me las compr\u00e9. Me hicieron gracia y las v\u00ed muy monas pero yo no me veo con ellas. No obstante quer\u00eda saber [&hellip;]<\/p>\n","protected":false},"author":52,"featured_media":0,"comment_status":"open","ping_status":"closed","sticky":false,"template":"","format":"standard","meta":[],"categories":[74,327,356,576,580,683,686,776],"tags":[],"_links":{"self":[{"href":"https:\/\/blogs.diariosur.es\/vistetecomopuedas\/wp-json\/wp\/v2\/posts\/819"}],"collection":[{"href":"https:\/\/blogs.diariosur.es\/vistetecomopuedas\/wp-json\/wp\/v2\/posts"}],"about":[{"href":"https:\/\/blogs.diariosur.es\/vistetecomopuedas\/wp-json\/wp\/v2\/types\/post"}],"author":[{"embeddable":true,"href":"https:\/\/blogs.diariosur.es\/vistetecomopuedas\/wp-json\/wp\/v2\/users\/52"}],"replies":[{"embeddable":true,"href":"https:\/\/blogs.diariosur.es\/vistetecomopuedas\/wp-json\/wp\/v2\/comments?post=819"}],"version-history":[{"count":0,"href":"https:\/\/blogs.diariosur.es\/vistetecomopuedas\/wp-json\/wp\/v2\/posts\/819\/revisions"}],"wp:attachment":[{"href":"https:\/\/blogs.diariosur.es\/vistetecomopuedas\/wp-json\/wp\/v2\/media?parent=819"}],"wp:term":[{"taxonomy":"category","embeddable":true,"href":"https:\/\/blogs.diariosur.es\/vistetecomopuedas\/wp-json\/wp\/v2\/categories?post=819"},{"taxonomy":"post_tag","embeddable":true,"href":"https:\/\/blogs.diariosur.es\/vistetecomopuedas\/wp-json\/wp\/v2\/tags?post=819"}],"curies":[{"name":"wp","href":"https:\/\/api.w.org\/{rel}","templated":true}]}}