{"id":889,"date":"2011-05-19T16:30:00","date_gmt":"2011-05-19T16:30:00","guid":{"rendered":"http:\/\/blogs.diariosur.es\/vistetecomopuedas\/2011\/05\/19\/moss-releva-a-johansson\/"},"modified":"2011-05-19T16:30:00","modified_gmt":"2011-05-19T16:30:00","slug":"moss-releva-a-johansson","status":"publish","type":"post","link":"https:\/\/blogs.diariosur.es\/vistetecomopuedas\/2011\/05\/19\/moss-releva-a-johansson\/","title":{"rendered":">Moss releva a Johansson"},"content":{"rendered":"<p>><\/p>\n<div class=\"separator\" style=\"clear: both;text-align: center\"><\/div>\n<div class=\"separator\" style=\"clear: both;text-align: center\"><\/div>\n<table align=\"center\" cellpadding=\"0\" cellspacing=\"0\" class=\"tr-caption-container\" style=\"margin-left: auto;margin-right: auto;text-align: center\">\n<tbody>\n<tr>\n<td style=\"text-align: center\"><a href=\"http:\/\/1.bp.blogspot.com\/-hS4pLDpH19Y\/TdVDrKGHMhI\/AAAAAAAABRM\/sWLpJZHxQys\/s1600\/dd.jpg\" rel=\"external nofollow\"><img border=\"0\" src=\"\/\/1.bp.blogspot.com\/-hS4pLDpH19Y\/TdVDrKGHMhI\/AAAAAAAABRM\/sWLpJZHxQys\/s1600\/dd.jpg\" \/><\/a><\/td>\n<\/tr>\n<tr>\n<td class=\"tr-caption\" style=\"text-align: center\">Desfile de Mango, ayer en Par\u00eds<\/td>\n<\/tr>\n<\/tbody>\n<\/table>\n<div style=\"text-align: justify\">A partir de ahora, las vallas publicitarias de Mango no tendr\u00e1n como imagen a Scarlet Johansson, ya que la firma catalana ha fichado a Kate Moss como su embajadora. As\u00ed que la colecci\u00f3n oto\u00f1o-invierno 2011 tendr\u00e1 como nueva imagen a una de las top m\u00e1s internacionales.<\/div>\n<div style=\"text-align: justify\"><i>From now on, the billboards will not handle the image to Scarlet Johansson, as the Catalan firm has signed Kate Moss as its ambassador. So the fall-winter 2011 collection will have the new picture to one of the top most international.<\/i><\/div>\n<p><a name='more'><\/a><\/p>\n<table align=\"center\" cellpadding=\"0\" cellspacing=\"0\" class=\"tr-caption-container\" style=\"margin-left: auto;margin-right: auto;text-align: center\">\n<tbody>\n<tr>\n<td style=\"text-align: center\"><a href=\"http:\/\/3.bp.blogspot.com\/-qq98EC__ZT0\/TdVE7lmHF4I\/AAAAAAAABRU\/twSghUoTRk0\/s1600\/mm.jpg\" rel=\"external nofollow\"><img border=\"0\" src=\"\/\/3.bp.blogspot.com\/-qq98EC__ZT0\/TdVE7lmHF4I\/AAAAAAAABRU\/twSghUoTRk0\/s1600\/mm.jpg\" \/><\/a><\/td>\n<\/tr>\n<tr>\n<td class=\"tr-caption\" style=\"text-align: center\">Johansson hab\u00eda sido hasta ahora la imagen de Mango<\/td>\n<\/tr>\n<\/tbody>\n<\/table>\n<p>La presentaci\u00f3n de la nueva imagen de Mango se realiz\u00f3 ayer en Par\u00eds. Al evento acudieron numerosas caras conocidas como Laura Ponte, Carolina Adriana Herrera o Nati Abascal, entre otros.<\/p>\n<p>La protagonista del acto, Kate Moss, apost\u00f3 por un estilo sencillo compuesto por un pantal\u00f3n y un top negro acompa\u00f1ados por una elegante blazer blanca.<\/p>\n<p><i>Presenting the new face of Mango was held yesterday in Paris. The event brought together many familiar faces like Laura Ponte, Carolina Adriana Herrera or Nati Abascal, among others.<br \/>The protagonist of the event, Kate Moss, opted for a simple style consisting of trousers and a black top accompanied by an elegant white blazer.<\/i> <\/p>\n<table align=\"center\" cellpadding=\"0\" cellspacing=\"0\" class=\"tr-caption-container\" style=\"margin-left: auto;margin-right: auto;text-align: center\">\n<tbody>\n<tr>\n<td style=\"text-align: center\"><a href=\"http:\/\/4.bp.blogspot.com\/-e60n7KrsSAI\/TdVEH0t2jsI\/AAAAAAAABRQ\/SBFmsV3xlOE\/s1600\/jj.jpg\" rel=\"external nofollow\"><img loading=\"lazy\" border=\"0\" height=\"640\" src=\"\/\/4.bp.blogspot.com\/-e60n7KrsSAI\/TdVEH0t2jsI\/AAAAAAAABRQ\/SBFmsV3xlOE\/s640\/jj.jpg\" width=\"424\" \/><\/a><\/td>\n<\/tr>\n<tr>\n<td class=\"tr-caption\" style=\"text-align: center\">Kate Moss, ayer<\/td>\n<\/tr>\n<\/tbody>\n<\/table>\n<div class=\"separator\" style=\"clear: both;text-align: center\"><\/div>\n<p>&nbsp;\u00bfOs gusta el estilo que escogi\u00f3 la modelo para la presentaci\u00f3n?. Gracias por comentar, ciao!<br \/><i>Do you like the outfit she chose for the event? Thanks for comment, ciao!<\/i><\/p>\n","protected":false},"excerpt":{"rendered":"<p>> Desfile de Mango, ayer en Par\u00eds A partir de ahora, las vallas publicitarias de Mango no tendr\u00e1n como imagen a Scarlet Johansson, ya que la firma catalana ha fichado a Kate Moss como su embajadora. As\u00ed que la colecci\u00f3n oto\u00f1o-invierno 2011 tendr\u00e1 como nueva imagen a una de las top m\u00e1s internacionales. From now [&hellip;]<\/p>\n","protected":false},"author":52,"featured_media":0,"comment_status":"open","ping_status":"closed","sticky":false,"template":"","format":"standard","meta":[],"categories":[138,380,401,433,495,544,651],"tags":[],"_links":{"self":[{"href":"https:\/\/blogs.diariosur.es\/vistetecomopuedas\/wp-json\/wp\/v2\/posts\/889"}],"collection":[{"href":"https:\/\/blogs.diariosur.es\/vistetecomopuedas\/wp-json\/wp\/v2\/posts"}],"about":[{"href":"https:\/\/blogs.diariosur.es\/vistetecomopuedas\/wp-json\/wp\/v2\/types\/post"}],"author":[{"embeddable":true,"href":"https:\/\/blogs.diariosur.es\/vistetecomopuedas\/wp-json\/wp\/v2\/users\/52"}],"replies":[{"embeddable":true,"href":"https:\/\/blogs.diariosur.es\/vistetecomopuedas\/wp-json\/wp\/v2\/comments?post=889"}],"version-history":[{"count":0,"href":"https:\/\/blogs.diariosur.es\/vistetecomopuedas\/wp-json\/wp\/v2\/posts\/889\/revisions"}],"wp:attachment":[{"href":"https:\/\/blogs.diariosur.es\/vistetecomopuedas\/wp-json\/wp\/v2\/media?parent=889"}],"wp:term":[{"taxonomy":"category","embeddable":true,"href":"https:\/\/blogs.diariosur.es\/vistetecomopuedas\/wp-json\/wp\/v2\/categories?post=889"},{"taxonomy":"post_tag","embeddable":true,"href":"https:\/\/blogs.diariosur.es\/vistetecomopuedas\/wp-json\/wp\/v2\/tags?post=889"}],"curies":[{"name":"wp","href":"https:\/\/api.w.org\/{rel}","templated":true}]}}