{"id":907,"date":"2011-07-04T11:03:00","date_gmt":"2011-07-04T11:03:00","guid":{"rendered":"http:\/\/blogs.diariosur.es\/vistetecomopuedas\/2011\/07\/04\/lugares-con-encanto\/"},"modified":"2011-07-04T11:03:00","modified_gmt":"2011-07-04T11:03:00","slug":"lugares-con-encanto","status":"publish","type":"post","link":"https:\/\/blogs.diariosur.es\/vistetecomopuedas\/2011\/07\/04\/lugares-con-encanto\/","title":{"rendered":">Lugares con encanto"},"content":{"rendered":"<p>><\/p>\n<div style=\"text-align: justify\">\u00bfC\u00f3mo hab\u00e9is pasado el fin de semana?, espero que muy bien y que este lunes os vaya lo mejor posible. Pensar que ya falta menos para el pr\u00f3ximo fin de semana \ud83d\ude42<\/div>\n<div style=\"text-align: justify\"><\/div>\n<div style=\"text-align: justify\">Hoy os vengo con un post distinto, ya que \u00e9sta vez no hablar\u00e9 de moda, sino de destinos tur\u00edsticos para este verano. En la provincia de C\u00e1diz existen dos pueblecitos costeros que tienen un encanto especial y que, de alguna forma, se han convertido en un destino imprescindible de cada verano.<\/div>\n<div style=\"text-align: justify\"><\/div>\n<div style=\"text-align: justify\">El primero de ellos es Conil de la Frontera. Lo conoc\u00ed hace ahora cuatro a\u00f1os y, desde entonces, he ido un fin de semana cada verano. Es un pueblo costero de casas blancas, grandes playas y calas. De calles estrechas y llenas de gente, de tradici\u00f3n marinera pero ubicado entre pinos&#8230; Tiene algo que es dif\u00edcil de explicar pero que una vez all\u00ed te embruja y te atrapa. Os dejo algunas fotos que creo no le hacen justicia a la belleza de Conil.<\/div>\n<div style=\"text-align: justify\"><\/div>\n<div style=\"color: #444444;text-align: justify\"><i>How did you last weekend?, I hope very well and will go Monday best. Think that it takes less for next weekend:)<\/p>\n<p>Today I come to a different post, since this time will not talk about fashion, but of destinations for this summer. In the province of Cadiz (in Spain), there are two coastal towns have a special charm and, somehow, have become an essential destination each summer. The first is Conil de la Frontera. I met him four years ago and since then I&#8217;ve gone one weekend each summer. It is a coastal town of white houses, great beaches and coves. Narrow streets and crowded, traditional fishing but nestled among pine trees &#8230; It has something that is hard to explain but once there you bewitched and grabs you. I leave some photos that I do not do justice to the beauty of Conil.<\/i><\/div>\n<p><\/p>\n<div class=\"separator\" style=\"clear: both;text-align: center\"><a href=\"http:\/\/4.bp.blogspot.com\/-rAwu1ydxH3A\/ThGbM3HzOrI\/AAAAAAAABU0\/3D2DUmYLaU0\/s1600\/conil.jpg\" rel=\"external nofollow\"><img border=\"0\" src=\"\/\/4.bp.blogspot.com\/-rAwu1ydxH3A\/ThGbM3HzOrI\/AAAAAAAABU0\/3D2DUmYLaU0\/s1600\/conil.jpg\" \/><\/a><\/div>\n<div style=\"text-align: justify\"><a name='more'><\/a><\/div>\n<div style=\"text-align: justify\">En segundo lugar, os hablar\u00e9 de Tarifa, mucho m\u00e1s conocida que Conil por ser el punto m\u00e1s al sur de la pen\u00ednsula y por sus vientos, que hacen de Tarifa uno de los mejores lugares para practicar kitesurf o windsurf.&nbsp;<\/div>\n<div style=\"text-align: justify\"><\/div>\n<div style=\"text-align: justify\">Tarifa, al igual que Conil, tiene un aire hippie y fresco. Tambi\u00e9n de calles estrechas y lleno de historia, es un lugar perfecto para desconectar de la rutina y descansar. Sus playas tambi\u00e9n son dignas de menci\u00f3n y de visita con su arena blanca y el azul del mar&#8230; Os dejo tambi\u00e9n algunas im\u00e1genes, alguna de cuando estuve all\u00ed hace dos a\u00f1os (y s\u00ed, tengo el pelo bastante m\u00e1s corto que ahora \ud83d\ude42 <\/div>\n<div style=\"text-align: justify\"><\/div>\n<div style=\"text-align: justify\"><i>Secondly, I want to write about Tarifa, is famous for being the southernmost point of the peninsula and its winds, which make Tarifa one of the best places for kitesurfing and windsurfing. Rate, like Conil has a hippie and fresh air. Also of narrow streets full of history, is a perfect place to unwind and relax from the routine. Its beaches are also worth mentioning and visiting with its white sand and blue sea &#8230; I also left some images, some when I was there two years ago (and yes, I have much shorter hair now:)<\/i><\/div>\n<div style=\"text-align: justify\"><\/div>\n<div class=\"separator\" style=\"clear: both;text-align: center\"><a href=\"http:\/\/4.bp.blogspot.com\/-Nkck3Sw5avU\/ThGdfduXprI\/AAAAAAAABU4\/vRLjq-9uvn0\/s1600\/tarifa.jpg\" rel=\"external nofollow\"><img border=\"0\" src=\"\/\/4.bp.blogspot.com\/-Nkck3Sw5avU\/ThGdfduXprI\/AAAAAAAABU4\/vRLjq-9uvn0\/s1600\/tarifa.jpg\" \/><\/a><\/div>\n<div style=\"text-align: justify\"><\/div>\n<div style=\"text-align: justify\">Espero que os haya gustado este post distinto y que, para las que no conoc\u00edais estos dos pueblos, os pueda aportar alguna idea para futuros planes veraniegos. Besos!<\/div>\n<div style=\"text-align: justify\"><\/div>\n<div style=\"text-align: justify\"><i>I hope you enjoyed this post other than that for which you did not know these two people, I can provide any ideas for future summer plans. Kisses!<\/i><\/div>\n<div style=\"text-align: justify\"><\/div>\n","protected":false},"excerpt":{"rendered":"<p>> \u00bfC\u00f3mo hab\u00e9is pasado el fin de semana?, espero que muy bien y que este lunes os vaya lo mejor posible. Pensar que ya falta menos para el pr\u00f3ximo fin de semana \ud83d\ude42 Hoy os vengo con un post distinto, ya que \u00e9sta vez no hablar\u00e9 de moda, sino de destinos tur\u00edsticos para este verano. [&hellip;]<\/p>\n","protected":false},"author":52,"featured_media":0,"comment_status":"open","ping_status":"closed","sticky":false,"template":"","format":"standard","meta":[],"categories":[184,185,222,698,729,739],"tags":[],"_links":{"self":[{"href":"https:\/\/blogs.diariosur.es\/vistetecomopuedas\/wp-json\/wp\/v2\/posts\/907"}],"collection":[{"href":"https:\/\/blogs.diariosur.es\/vistetecomopuedas\/wp-json\/wp\/v2\/posts"}],"about":[{"href":"https:\/\/blogs.diariosur.es\/vistetecomopuedas\/wp-json\/wp\/v2\/types\/post"}],"author":[{"embeddable":true,"href":"https:\/\/blogs.diariosur.es\/vistetecomopuedas\/wp-json\/wp\/v2\/users\/52"}],"replies":[{"embeddable":true,"href":"https:\/\/blogs.diariosur.es\/vistetecomopuedas\/wp-json\/wp\/v2\/comments?post=907"}],"version-history":[{"count":0,"href":"https:\/\/blogs.diariosur.es\/vistetecomopuedas\/wp-json\/wp\/v2\/posts\/907\/revisions"}],"wp:attachment":[{"href":"https:\/\/blogs.diariosur.es\/vistetecomopuedas\/wp-json\/wp\/v2\/media?parent=907"}],"wp:term":[{"taxonomy":"category","embeddable":true,"href":"https:\/\/blogs.diariosur.es\/vistetecomopuedas\/wp-json\/wp\/v2\/categories?post=907"},{"taxonomy":"post_tag","embeddable":true,"href":"https:\/\/blogs.diariosur.es\/vistetecomopuedas\/wp-json\/wp\/v2\/tags?post=907"}],"curies":[{"name":"wp","href":"https:\/\/api.w.org\/{rel}","templated":true}]}}