{"id":908,"date":"2011-07-05T12:30:00","date_gmt":"2011-07-05T12:30:00","guid":{"rendered":"http:\/\/blogs.diariosur.es\/vistetecomopuedas\/2011\/07\/05\/handmade-is-better\/"},"modified":"2011-07-05T12:30:00","modified_gmt":"2011-07-05T12:30:00","slug":"handmade-is-better","status":"publish","type":"post","link":"https:\/\/blogs.diariosur.es\/vistetecomopuedas\/2011\/07\/05\/handmade-is-better\/","title":{"rendered":">Handmade is better"},"content":{"rendered":"<p>><\/p>\n<div style=\"text-align: justify\">Desde siempre me ha gustado personalizar y crear mis propias cosas para vestir, decorar&#8230; ya os he ense\u00f1ado algunas de mis creaciones y hoy os traigo otra. Me apetec\u00eda tener mi propio collar de inicial. Me refiero a esos en los que cuelga una sola letra, que suele ser la primera de nuestro nombre o una letra que por lo que sea signifique algo para nosotras. <\/div>\n<div style=\"text-align: justify\"><\/div>\n<div style=\"text-align: justify\">S\u00e9 que podemos encontrar este tipo de collares en las tiendas, pero suelen ser muy similares entre s\u00ed. Casi siempre son de metal, plata, oro, bisuter\u00eda&#8230; pero a m\u00ed me apetec\u00eda algo m\u00e1s &#8220;r\u00fastico&#8221; y veraniego, de estilo na\u00eff (me gusta mucho este arte, como hab\u00e9is podido notar por mi nueva cabecera). As\u00ed que me he puesto manos a la obra y he creado mi propia &#8216;V&#8217;. Espero que os guste. El mismo collar tiene dos caras distintas.<\/div>\n<div style=\"color: #444444;text-align: justify\"><i><br \/><\/i><\/div>\n<div style=\"text-align: justify\"><i>I always like to customize and create my own stuff to dress, decorate &#8230; I have already showed some of my creations, and today I bring you another. I wanted to have my own letter necklace. I refer to those in which hangs a single letter, usually the first of our name or a letter by whatever means something to us. I know we can find these necklaces in stores but are often very similar. They are almost always metal, silver, gold, jewelry &#8230; but I wanted something more &#8220;rustic&#8221; and summer, naif style (I love this art, as you may have noticed by my new header). So I got down to work and I created my own &#8216;V&#8217;. I hope you like it.<\/i><\/div>\n<div style=\"text-align: justify\"><\/div>\n<div class=\"separator\" style=\"clear: both;text-align: center\"><a href=\"http:\/\/4.bp.blogspot.com\/-7BlmRS0oNww\/ThMDEHZ1pWI\/AAAAAAAABVA\/ran5UvOup_4\/s1600\/colgante2.jpg\" rel=\"external nofollow\"><img loading=\"lazy\" border=\"0\" height=\"480\" src=\"\/\/4.bp.blogspot.com\/-7BlmRS0oNww\/ThMDEHZ1pWI\/AAAAAAAABVA\/ran5UvOup_4\/s640\/colgante2.jpg\" width=\"640\" \/><\/a><\/div>\n<div style=\"text-align: justify\"><\/div>\n<div class=\"separator\" style=\"clear: both;text-align: center\"><a href=\"http:\/\/4.bp.blogspot.com\/-F198qtqzsis\/ThMC9AjKCsI\/AAAAAAAABU8\/3Vtp1VWgHc0\/s1600\/colgante.jpg\" rel=\"external nofollow\"><img loading=\"lazy\" border=\"0\" height=\"481\" src=\"\/\/4.bp.blogspot.com\/-F198qtqzsis\/ThMC9AjKCsI\/AAAAAAAABU8\/3Vtp1VWgHc0\/s640\/colgante.jpg\" width=\"640\" \/><\/a><\/div>\n<p>Os habr\u00e9is dado cuenta de que el mismo collar tiene dos caras distintas. Si quer\u00e9is el vuestro personalizado con vuestra propia letra pod\u00e9is encarg\u00e1rmelo a trav\u00e9s de <a href=\"mailto:vistetecomopuedas@gmail.com\">vistetecomopuedas@gmail.com<\/a> Estar\u00e9 encantada en hacerlo con todo el mimo del mundo. \u00a1Besos!<\/p>\n<p>The same necklace has two different faces. If you want yours personalized with your own handwriting can write to <a href=\"mailto:vistetecomopuedas@gmail.com\">vistetecomopuedas@gmail.com<\/a> I&#8217;d be happy to do so with all the loving care of the world. Kisses!<\/p>\n","protected":false},"excerpt":{"rendered":"<p>> Desde siempre me ha gustado personalizar y crear mis propias cosas para vestir, decorar&#8230; ya os he ense\u00f1ado algunas de mis creaciones y hoy os traigo otra. Me apetec\u00eda tener mi propio collar de inicial. Me refiero a esos en los que cuelga una sola letra, que suele ser la primera de nuestro nombre [&hellip;]<\/p>\n","protected":false},"author":52,"featured_media":0,"comment_status":"open","ping_status":"closed","sticky":false,"template":"","format":"standard","meta":[],"categories":[8,170,179,240,332,469],"tags":[],"_links":{"self":[{"href":"https:\/\/blogs.diariosur.es\/vistetecomopuedas\/wp-json\/wp\/v2\/posts\/908"}],"collection":[{"href":"https:\/\/blogs.diariosur.es\/vistetecomopuedas\/wp-json\/wp\/v2\/posts"}],"about":[{"href":"https:\/\/blogs.diariosur.es\/vistetecomopuedas\/wp-json\/wp\/v2\/types\/post"}],"author":[{"embeddable":true,"href":"https:\/\/blogs.diariosur.es\/vistetecomopuedas\/wp-json\/wp\/v2\/users\/52"}],"replies":[{"embeddable":true,"href":"https:\/\/blogs.diariosur.es\/vistetecomopuedas\/wp-json\/wp\/v2\/comments?post=908"}],"version-history":[{"count":0,"href":"https:\/\/blogs.diariosur.es\/vistetecomopuedas\/wp-json\/wp\/v2\/posts\/908\/revisions"}],"wp:attachment":[{"href":"https:\/\/blogs.diariosur.es\/vistetecomopuedas\/wp-json\/wp\/v2\/media?parent=908"}],"wp:term":[{"taxonomy":"category","embeddable":true,"href":"https:\/\/blogs.diariosur.es\/vistetecomopuedas\/wp-json\/wp\/v2\/categories?post=908"},{"taxonomy":"post_tag","embeddable":true,"href":"https:\/\/blogs.diariosur.es\/vistetecomopuedas\/wp-json\/wp\/v2\/tags?post=908"}],"curies":[{"name":"wp","href":"https:\/\/api.w.org\/{rel}","templated":true}]}}