{"id":986,"date":"2012-01-04T20:40:00","date_gmt":"2012-01-04T20:40:00","guid":{"rendered":"http:\/\/blogs.diariosur.es\/vistetecomopuedas\/2012\/01\/04\/loewe-renueva-su-clasico-flamenco\/"},"modified":"2012-01-04T20:40:00","modified_gmt":"2012-01-04T20:40:00","slug":"loewe-renueva-su-clasico-flamenco","status":"publish","type":"post","link":"https:\/\/blogs.diariosur.es\/vistetecomopuedas\/2012\/01\/04\/loewe-renueva-su-clasico-flamenco\/","title":{"rendered":">Loewe renueva su cl\u00e1sico Flamenco"},"content":{"rendered":"<p>>\u00a1Hola!, siento andar perdida pero el a\u00f1o ha comenzado con una buena noticia y es que he empezado a trabajar y ahora el tiempo es bastante escaso, poco a poco imagino que ir\u00e9 adapt\u00e1ndome y podr\u00e9 dedicarle m\u00e1s tiempo al blog.<\/p>\n<p>Dicho esto hoy vengo a hablaros de <b>Loewe<\/b>. Y es que, la marca quiere animar el mercado en estos d\u00edas (para quienes puedan permit\u00edrselo) y ha presentado en <b>Barcelona<\/b> la edici\u00f3n renovada de un cl\u00e1sico bolso de su colecci\u00f3n: el <b>Flamenco<\/b>. M\u00e1s colores y m\u00e1s tama\u00f1os, con lo que apunta a \u00e9xito.<\/p>\n<p><\/p>\n<div class=\"separator\" style=\"clear: both;text-align: center\"><a href=\"http:\/\/img.guiabolsos.com\/wp-content\/uploads\/2011\/07\/Loewe-Flamenco-01.jpg\" rel=\"external nofollow\"><img border=\"0\" src=\"\/\/img.guiabolsos.com\/wp-content\/uploads\/2011\/07\/Loewe-Flamenco-01.jpg\" \/><\/a><\/div>\n<p>A m\u00ed personalmente, me gusta mucho la gama de colores en que se presenta, y doy por hecho que la calidad de sus materiales ser\u00e1 la de siempre en una marca se\u00f1era como esta, con lo que la apuesta es segura para aquellas que puedan permit\u00edrselo.<\/p>\n<p>Por si no sab\u00edais mucho de este Flamenco, os recuerdo que se trata de un art\u00edculo que el a\u00f1o pasado (que raro se hace hablar as\u00ed de 2011) encontr\u00f3 el director creativo de Loewe, Stuart Vevers, entre los archivos de la casa. Le gust\u00f3 tanto que decidi\u00f3 modernizarlo con nuevas proporciones, una correa distinta a la que planteaban originalmemte y una borlas muy monas, que se ampl\u00edan respecto a la propuesta inicial.<\/p>\n<p>Est\u00e1 disponible en tonos como el rosa chicle, rojo chill\u00f3n y fucsia, hasta remolacha o verde manzana. \u00bfQu\u00e9 color os gusta m\u00e1s?<\/p>\n","protected":false},"excerpt":{"rendered":"<p>>\u00a1Hola!, siento andar perdida pero el a\u00f1o ha comenzado con una buena noticia y es que he empezado a trabajar y ahora el tiempo es bastante escaso, poco a poco imagino que ir\u00e9 adapt\u00e1ndome y podr\u00e9 dedicarle m\u00e1s tiempo al blog. Dicho esto hoy vengo a hablaros de Loewe. Y es que, la marca quiere [&hellip;]<\/p>\n","protected":false},"author":52,"featured_media":0,"comment_status":"open","ping_status":"closed","sticky":false,"template":"","format":"standard","meta":[],"categories":[42,93,296,417,690],"tags":[],"_links":{"self":[{"href":"https:\/\/blogs.diariosur.es\/vistetecomopuedas\/wp-json\/wp\/v2\/posts\/986"}],"collection":[{"href":"https:\/\/blogs.diariosur.es\/vistetecomopuedas\/wp-json\/wp\/v2\/posts"}],"about":[{"href":"https:\/\/blogs.diariosur.es\/vistetecomopuedas\/wp-json\/wp\/v2\/types\/post"}],"author":[{"embeddable":true,"href":"https:\/\/blogs.diariosur.es\/vistetecomopuedas\/wp-json\/wp\/v2\/users\/52"}],"replies":[{"embeddable":true,"href":"https:\/\/blogs.diariosur.es\/vistetecomopuedas\/wp-json\/wp\/v2\/comments?post=986"}],"version-history":[{"count":0,"href":"https:\/\/blogs.diariosur.es\/vistetecomopuedas\/wp-json\/wp\/v2\/posts\/986\/revisions"}],"wp:attachment":[{"href":"https:\/\/blogs.diariosur.es\/vistetecomopuedas\/wp-json\/wp\/v2\/media?parent=986"}],"wp:term":[{"taxonomy":"category","embeddable":true,"href":"https:\/\/blogs.diariosur.es\/vistetecomopuedas\/wp-json\/wp\/v2\/categories?post=986"},{"taxonomy":"post_tag","embeddable":true,"href":"https:\/\/blogs.diariosur.es\/vistetecomopuedas\/wp-json\/wp\/v2\/tags?post=986"}],"curies":[{"name":"wp","href":"https:\/\/api.w.org\/{rel}","templated":true}]}}