{"id":987,"date":"2012-01-08T16:51:00","date_gmt":"2012-01-08T16:51:00","guid":{"rendered":"http:\/\/blogs.diariosur.es\/vistetecomopuedas\/2012\/01\/08\/sesion-fotografica\/"},"modified":"2012-01-08T16:51:00","modified_gmt":"2012-01-08T16:51:00","slug":"sesion-fotografica","status":"publish","type":"post","link":"https:\/\/blogs.diariosur.es\/vistetecomopuedas\/2012\/01\/08\/sesion-fotografica\/","title":{"rendered":">Sesi\u00f3n fotogr\u00e1fica"},"content":{"rendered":"<p>>\u00bfQu\u00e9 tal se han portado los reyes?, seguro que muy bien, conmigo s\u00ed que lo han hecho. Hoy os traigo unas fotos que me encantan, sobre todo porque podr\u00eda decirse que nunca he participado en una sesi\u00f3n fotogr\u00e1fica hasta ahora. Gracias a <a href=\"https:\/\/twitter.com\/#%21\/Blocdeesbozos\" rel=\"external nofollow\">@blocdeesbozos,<\/a> y a su genialidad tras la c\u00e1mara, quedaron unas fotos chul\u00edsimas y Noelia (tambi\u00e9n <a href=\"http:\/\/stylelovely.com\/\" rel=\"external nofollow\">blogger<\/a> y en la foto) y yo, a pesar del fr\u00edo, pasamos un rato muy divertido.<\/p>\n<div style=\"color: #444444\"><i>What about Christmas?, I hope very well. Today, I bring you some pictures that I love them, especially because it could be said that I have never participated in a photographic session until now. Thanks to <a href=\"https:\/\/twitter.com\/#%21\/Blocdeesbozos\" rel=\"external nofollow\">@blocdeesbozos<\/a>, and his genius behind the camera, were a few photos plenty and Noelia (also in the photo) and I, in spite of the cold, we spent a while a lot of fun.&nbsp;<\/i><\/div>\n<div style=\"color: #444444\"><i><br \/><\/i><\/div>\n<div class=\"separator\" style=\"clear: both;text-align: center\"><a href=\"http:\/\/2.bp.blogspot.com\/-DkwswQOPNQ4\/TwnJJmoIP1I\/AAAAAAAABzA\/2DFmt-Jc08g\/s1600\/sesi%25C3%25B3nfotos.jpg\" rel=\"external nofollow\"><img border=\"0\" src=\"\/\/2.bp.blogspot.com\/-DkwswQOPNQ4\/TwnJJmoIP1I\/AAAAAAAABzA\/2DFmt-Jc08g\/s1600\/sesi%25C3%25B3nfotos.jpg\" \/><\/a><\/div>\n<div class=\"separator\" style=\"clear: both;text-align: left\"><\/div>\n<div class=\"separator\" style=\"clear: both;text-align: left\">Sigo teniendo comentarios pendientes que responder. Sorry! \ud83d\ude42<\/div>\n<div class=\"separator\" style=\"clear: both;text-align: left\"><\/div>\n<div class=\"separator\" style=\"clear: both;text-align: left\">\u00a1Feliz 2012!<\/div>\n<div class=\"separator\" style=\"clear: both;text-align: left\">Happy 2012!<\/div>\n","protected":false},"excerpt":{"rendered":"<p>>\u00bfQu\u00e9 tal se han portado los reyes?, seguro que muy bien, conmigo s\u00ed que lo han hecho. Hoy os traigo unas fotos que me encantan, sobre todo porque podr\u00eda decirse que nunca he participado en una sesi\u00f3n fotogr\u00e1fica hasta ahora. Gracias a @blocdeesbozos, y a su genialidad tras la c\u00e1mara, quedaron unas fotos chul\u00edsimas y [&hellip;]<\/p>\n","protected":false},"author":52,"featured_media":0,"comment_status":"open","ping_status":"closed","sticky":false,"template":"","format":"standard","meta":[],"categories":[658],"tags":[],"_links":{"self":[{"href":"https:\/\/blogs.diariosur.es\/vistetecomopuedas\/wp-json\/wp\/v2\/posts\/987"}],"collection":[{"href":"https:\/\/blogs.diariosur.es\/vistetecomopuedas\/wp-json\/wp\/v2\/posts"}],"about":[{"href":"https:\/\/blogs.diariosur.es\/vistetecomopuedas\/wp-json\/wp\/v2\/types\/post"}],"author":[{"embeddable":true,"href":"https:\/\/blogs.diariosur.es\/vistetecomopuedas\/wp-json\/wp\/v2\/users\/52"}],"replies":[{"embeddable":true,"href":"https:\/\/blogs.diariosur.es\/vistetecomopuedas\/wp-json\/wp\/v2\/comments?post=987"}],"version-history":[{"count":0,"href":"https:\/\/blogs.diariosur.es\/vistetecomopuedas\/wp-json\/wp\/v2\/posts\/987\/revisions"}],"wp:attachment":[{"href":"https:\/\/blogs.diariosur.es\/vistetecomopuedas\/wp-json\/wp\/v2\/media?parent=987"}],"wp:term":[{"taxonomy":"category","embeddable":true,"href":"https:\/\/blogs.diariosur.es\/vistetecomopuedas\/wp-json\/wp\/v2\/categories?post=987"},{"taxonomy":"post_tag","embeddable":true,"href":"https:\/\/blogs.diariosur.es\/vistetecomopuedas\/wp-json\/wp\/v2\/tags?post=987"}],"curies":[{"name":"wp","href":"https:\/\/api.w.org\/{rel}","templated":true}]}}