{"id":988,"date":"2012-01-15T20:20:00","date_gmt":"2012-01-15T20:20:00","guid":{"rendered":"http:\/\/blogs.diariosur.es\/vistetecomopuedas\/2012\/01\/15\/rebajas-con-patricia-conde\/"},"modified":"2012-01-15T20:20:00","modified_gmt":"2012-01-15T20:20:00","slug":"rebajas-con-patricia-conde","status":"publish","type":"post","link":"https:\/\/blogs.diariosur.es\/vistetecomopuedas\/2012\/01\/15\/rebajas-con-patricia-conde\/","title":{"rendered":">Rebajas con Patricia Conde"},"content":{"rendered":"<p>><\/p>\n<div style=\"text-align: justify\">\u00a1Hola de nuevo!, siento no pasar demasiado por aqu\u00ed estos d\u00edas, me da pena no poder dedicarle al blog todo el tiempo que me gustar\u00eda, pero aunque sea con poco tiempo seguir\u00e9 por aqu\u00ed.&nbsp;<\/div>\n<div style=\"text-align: justify\"><\/div>\n<div style=\"text-align: justify\">No s\u00e9 si habr\u00e9is ido de <b>rebajas<\/b> o no, yo la verdad es que cada vez soporto menos las multitudes as\u00ed que he optado por no entrar a las tiendas. Si os pasa como a m\u00ed, existe una opci\u00f3n en la que no hay colas ni luchas por conseguir la \u00faltima talla M de esa blusa de las que nos hemos enamorado. Las tiendas online se suman ya tambi\u00e9n a las rebajas y cuentan con importantes descuentos, e incluso promociones especiales. Una de estas tiendas online es <b><a href=\"http:\/\/elarmariodelatele.com\/\" rel=\"external nofollow\">elarmariodelatele.com<\/a> <\/b>el cual ha creado un apartado especial de Rebajas con <b>Patricia Conde<\/b> que me ha parecido bastante buena para aquellas que quieran imitar su estilo.<\/div>\n<div style=\"text-align: justify\"><\/div>\n<div style=\"text-align: justify\"><i>If you like the style of the spanish Patricia Conde, you can enter <a href=\"http:\/\/www.elarmariodelatele.com\/rebajas-patricia-conde?utm_campaign=20120114&#038;utm_content=9537376909&#038;utm_medium=email&#038;utm_source=Emailvision\" rel=\"external nofollow\">here<\/a> and buy some clothes choosen by her. This has some discounts. <\/i><\/div>\n<p><\/p>\n<div class=\"separator\" style=\"clear: both;text-align: center\"><a href=\"http:\/\/www.elarmariodelatele.com\/estatico\/newsletters\/20120114\/rebajaspatricia_01.jpg\" rel=\"external nofollow\"><img border=\"0\" src=\"\/\/www.elarmariodelatele.com\/estatico\/newsletters\/20120114\/rebajaspatricia_01.jpg\" \/><\/a><\/div>\n<table align=\"center\" cellpadding=\"0\" cellspacing=\"0\" class=\"tr-caption-container\" style=\"margin-left: auto;margin-right: auto;text-align: center\">\n<tbody>\n<tr>\n<td style=\"text-align: center\"><a href=\"http:\/\/www.elarmariodelatele.com\/estatico\/newsletters\/20120114\/rebajaspatricia_02.jpg\" rel=\"external nofollow\"><img border=\"0\" src=\"\/\/www.elarmariodelatele.com\/estatico\/newsletters\/20120114\/rebajaspatricia_02.jpg\" \/><\/a><\/td>\n<\/tr>\n<tr>\n<td class=\"tr-caption\" style=\"text-align: center\">Pod\u00e9is ir al enlace pinchando <a href=\"http:\/\/www.elarmariodelatele.com\/rebajas-patricia-conde?utm_campaign=20120114&#038;utm_content=9537376909&#038;utm_medium=email&#038;utm_source=Emailvision\" rel=\"external nofollow\">aqu\u00ed<\/a><\/td>\n<\/tr>\n<\/tbody>\n<\/table>\n<p><\/p>\n","protected":false},"excerpt":{"rendered":"<p>> \u00a1Hola de nuevo!, siento no pasar demasiado por aqu\u00ed estos d\u00edas, me da pena no poder dedicarle al blog todo el tiempo que me gustar\u00eda, pero aunque sea con poco tiempo seguir\u00e9 por aqu\u00ed.&nbsp; No s\u00e9 si habr\u00e9is ido de rebajas o no, yo la verdad es que cada vez soporto menos las multitudes [&hellip;]<\/p>\n","protected":false},"author":52,"featured_media":0,"comment_status":"open","ping_status":"closed","sticky":false,"template":"","format":"standard","meta":[],"categories":[256,546,613],"tags":[],"_links":{"self":[{"href":"https:\/\/blogs.diariosur.es\/vistetecomopuedas\/wp-json\/wp\/v2\/posts\/988"}],"collection":[{"href":"https:\/\/blogs.diariosur.es\/vistetecomopuedas\/wp-json\/wp\/v2\/posts"}],"about":[{"href":"https:\/\/blogs.diariosur.es\/vistetecomopuedas\/wp-json\/wp\/v2\/types\/post"}],"author":[{"embeddable":true,"href":"https:\/\/blogs.diariosur.es\/vistetecomopuedas\/wp-json\/wp\/v2\/users\/52"}],"replies":[{"embeddable":true,"href":"https:\/\/blogs.diariosur.es\/vistetecomopuedas\/wp-json\/wp\/v2\/comments?post=988"}],"version-history":[{"count":0,"href":"https:\/\/blogs.diariosur.es\/vistetecomopuedas\/wp-json\/wp\/v2\/posts\/988\/revisions"}],"wp:attachment":[{"href":"https:\/\/blogs.diariosur.es\/vistetecomopuedas\/wp-json\/wp\/v2\/media?parent=988"}],"wp:term":[{"taxonomy":"category","embeddable":true,"href":"https:\/\/blogs.diariosur.es\/vistetecomopuedas\/wp-json\/wp\/v2\/categories?post=988"},{"taxonomy":"post_tag","embeddable":true,"href":"https:\/\/blogs.diariosur.es\/vistetecomopuedas\/wp-json\/wp\/v2\/tags?post=988"}],"curies":[{"name":"wp","href":"https:\/\/api.w.org\/{rel}","templated":true}]}}