{"id":989,"date":"2012-01-17T08:00:00","date_gmt":"2012-01-17T08:00:00","guid":{"rendered":"http:\/\/blogs.diariosur.es\/vistetecomopuedas\/2012\/01\/17\/pensando-en-el-verano\/"},"modified":"2012-01-17T08:00:00","modified_gmt":"2012-01-17T08:00:00","slug":"pensando-en-el-verano","status":"publish","type":"post","link":"https:\/\/blogs.diariosur.es\/vistetecomopuedas\/2012\/01\/17\/pensando-en-el-verano\/","title":{"rendered":">Pensando en el verano"},"content":{"rendered":"<p>>Es verdad que estamos teniendo un buen invierno, no est\u00e1 siendo demasiado fr\u00edo ni demasiado lluvioso, pero que quer\u00e9is que os diga, yo estoy ya deseando que llegue el <b>verano<\/b> o, al menos, la primavera. As\u00ed que, cansada de tanto gris, marr\u00f3n o negro, he decidido saber qu\u00e9 colores llevaremos pr\u00f3ximamente. Y la verdad es que ser\u00e1n bastante similares a los que estaban de moda en 2011, y si no, juzgad vosotras mismas.<\/p>\n<div class=\"separator\" style=\"clear: both;text-align: center\"><a href=\"http:\/\/www.pantone.com\/images\/pages\/20910\/colors1.jpg\" rel=\"external nofollow\"><img loading=\"lazy\" border=\"0\" height=\"164\" src=\"\/\/www.pantone.com\/images\/pages\/20910\/colors1.jpg\" width=\"640\" \/><\/a><\/div>\n<div class=\"separator\" style=\"clear: both;text-align: center\"><a href=\"http:\/\/www.pantone.com\/images\/pages\/20910\/designers\/03_sk_Nanette_Lepore_home.png\" rel=\"external nofollow\"><img border=\"0\" src=\"\/\/www.pantone.com\/images\/pages\/20910\/designers\/03_sk_Nanette_Lepore_home.png\" \/><\/a><\/div>\n<p>En febrero de 2011 os comentaba en esta <a href=\"http:\/\/vistetecomopuedas.blogspot.com\/2011\/02\/vistete-como-diga-pantone.html\" rel=\"external nofollow\">entrada<\/a> que cada a\u00f1o, un grupo de expertos se re\u00fane para seleccionar los colores <b>Pantone<\/b> que servir\u00e1n de patr\u00f3n para las prendas de la temporada. <\/p>\n<p>Lo que por entonces no sab\u00eda, pero he descubierto ahora es que esta lista no es id\u00e9ntica para <b>hombres<\/b> y <b>mujeres<\/b>, sino que los colores que establecen difieren un poco. As\u00ed que si los que han elegido para las mujeres son los que pod\u00e9is ver arriba, para los hombres la lista es la que encontrar\u00e9is m\u00e1s abajo.<br \/><a href=\"http:\/\/www.pantone.com\/images\/pages\/20910\/designers\/16_sk_Tommy_Hilfiger_mens_colors.png\" rel=\"external nofollow\"><img loading=\"lazy\" border=\"0\" height=\"400\" src=\"\/\/www.pantone.com\/images\/pages\/20910\/designers\/16_sk_Tommy_Hilfiger_mens_colors.png\" width=\"106\" \/><\/a><\/p>\n<div class=\"separator\" style=\"clear: both;text-align: center\"><a href=\"http:\/\/www.pantone.com\/images\/pages\/20910\/colors2.jpg\" rel=\"external nofollow\"><img loading=\"lazy\" border=\"0\" height=\"164\" src=\"\/\/www.pantone.com\/images\/pages\/20910\/colors2.jpg\" width=\"640\" \/><\/a><a href=\"http:\/\/www.pantone.com\/images\/pages\/20910\/designers\/08_sk_Adrienne_Vittadini.png\" rel=\"external nofollow\"><img loading=\"lazy\" border=\"0\" height=\"400\" src=\"\/\/www.pantone.com\/images\/pages\/20910\/designers\/08_sk_Adrienne_Vittadini.png\" width=\"182\" \/><\/a><\/div>\n<div class=\"separator\" style=\"clear: both;text-align: center\"><a href=\"http:\/\/www.pantone.com\/images\/pages\/20910\/designers\/01_sk_Tracy_Reese.png\" rel=\"external nofollow\"><img loading=\"lazy\" border=\"0\" height=\"400\" src=\"\/\/www.pantone.com\/images\/pages\/20910\/designers\/01_sk_Tracy_Reese.png\" width=\"107\" \/><\/a><\/div>\n<p><a href=\"http:\/\/www.pantone.com\/images\/pages\/20910\/designers\/12_sk_Tadashi_Shoji.png\" rel=\"external nofollow\"><img loading=\"lazy\" border=\"0\" height=\"400\" src=\"\/\/www.pantone.com\/images\/pages\/20910\/designers\/12_sk_Tadashi_Shoji.png\" width=\"166\" \/><\/a><\/p>\n","protected":false},"excerpt":{"rendered":"<p>>Es verdad que estamos teniendo un buen invierno, no est\u00e1 siendo demasiado fr\u00edo ni demasiado lluvioso, pero que quer\u00e9is que os diga, yo estoy ya deseando que llegue el verano o, al menos, la primavera. As\u00ed que, cansada de tanto gris, marr\u00f3n o negro, he decidido saber qu\u00e9 colores llevaremos pr\u00f3ximamente. Y la verdad es [&hellip;]<\/p>\n","protected":false},"author":52,"featured_media":0,"comment_status":"open","ping_status":"closed","sticky":false,"template":"","format":"standard","meta":[],"categories":[174,343,481,540,578,581,603,739],"tags":[],"_links":{"self":[{"href":"https:\/\/blogs.diariosur.es\/vistetecomopuedas\/wp-json\/wp\/v2\/posts\/989"}],"collection":[{"href":"https:\/\/blogs.diariosur.es\/vistetecomopuedas\/wp-json\/wp\/v2\/posts"}],"about":[{"href":"https:\/\/blogs.diariosur.es\/vistetecomopuedas\/wp-json\/wp\/v2\/types\/post"}],"author":[{"embeddable":true,"href":"https:\/\/blogs.diariosur.es\/vistetecomopuedas\/wp-json\/wp\/v2\/users\/52"}],"replies":[{"embeddable":true,"href":"https:\/\/blogs.diariosur.es\/vistetecomopuedas\/wp-json\/wp\/v2\/comments?post=989"}],"version-history":[{"count":0,"href":"https:\/\/blogs.diariosur.es\/vistetecomopuedas\/wp-json\/wp\/v2\/posts\/989\/revisions"}],"wp:attachment":[{"href":"https:\/\/blogs.diariosur.es\/vistetecomopuedas\/wp-json\/wp\/v2\/media?parent=989"}],"wp:term":[{"taxonomy":"category","embeddable":true,"href":"https:\/\/blogs.diariosur.es\/vistetecomopuedas\/wp-json\/wp\/v2\/categories?post=989"},{"taxonomy":"post_tag","embeddable":true,"href":"https:\/\/blogs.diariosur.es\/vistetecomopuedas\/wp-json\/wp\/v2\/tags?post=989"}],"curies":[{"name":"wp","href":"https:\/\/api.w.org\/{rel}","templated":true}]}}