{"id":994,"date":"2012-02-07T19:53:00","date_gmt":"2012-02-07T19:53:00","guid":{"rendered":"http:\/\/blogs.diariosur.es\/vistetecomopuedas\/2012\/02\/07\/tendencias-estilo-navajo\/"},"modified":"2012-02-07T19:53:00","modified_gmt":"2012-02-07T19:53:00","slug":"tendencias-estilo-navajo","status":"publish","type":"post","link":"https:\/\/blogs.diariosur.es\/vistetecomopuedas\/2012\/02\/07\/tendencias-estilo-navajo\/","title":{"rendered":">Tendencias: Estilo navajo"},"content":{"rendered":"<p>>El<b> estilo navajo<\/b>, ese que se inspira en los estampados ind\u00edgenas -propio de la tribu navaja &#8216;Indios Apaches de Navaj\u00f3&#8217; existente en Estados Unidos-, est\u00e1 de moda. De hecho algunas celebrities, como las de<b> Gossip Girl<\/b> ya empiezan a lucirlo en sus looks visti\u00e9ndolo abrigos, pantalones o vestidos. Personalmente no s\u00e9 si termina de convencerme, pero creo que es la t\u00edpica tendencia que poco a poco conquistar\u00e1 mi coraz\u00f3n, o mejor dicho mi armario \ud83d\ude09<\/p>\n<div class=\"separator\" style=\"clear: both;text-align: center\"><a href=\"http:\/\/2.bp.blogspot.com\/-zNdR6ipJ7QY\/TzF__QC9kQI\/AAAAAAAABzw\/zUpBawLJlpY\/s1600\/nav.jpg\" rel=\"external nofollow\"><img border=\"0\" src=\"\/\/2.bp.blogspot.com\/-zNdR6ipJ7QY\/TzF__QC9kQI\/AAAAAAAABzw\/zUpBawLJlpY\/s1600\/nav.jpg\" \/><\/a><\/div>\n<p><\/p>\n","protected":false},"excerpt":{"rendered":"<p>>El estilo navajo, ese que se inspira en los estampados ind\u00edgenas -propio de la tribu navaja &#8216;Indios Apaches de Navaj\u00f3&#8217; existente en Estados Unidos-, est\u00e1 de moda. De hecho algunas celebrities, como las de Gossip Girl ya empiezan a lucirlo en sus looks visti\u00e9ndolo abrigos, pantalones o vestidos. Personalmente no s\u00e9 si termina de convencerme, [&hellip;]<\/p>\n","protected":false},"author":52,"featured_media":0,"comment_status":"open","ping_status":"closed","sticky":false,"template":"","format":"standard","meta":[],"categories":[145,270,274,321,423,469,497,701,720],"tags":[],"_links":{"self":[{"href":"https:\/\/blogs.diariosur.es\/vistetecomopuedas\/wp-json\/wp\/v2\/posts\/994"}],"collection":[{"href":"https:\/\/blogs.diariosur.es\/vistetecomopuedas\/wp-json\/wp\/v2\/posts"}],"about":[{"href":"https:\/\/blogs.diariosur.es\/vistetecomopuedas\/wp-json\/wp\/v2\/types\/post"}],"author":[{"embeddable":true,"href":"https:\/\/blogs.diariosur.es\/vistetecomopuedas\/wp-json\/wp\/v2\/users\/52"}],"replies":[{"embeddable":true,"href":"https:\/\/blogs.diariosur.es\/vistetecomopuedas\/wp-json\/wp\/v2\/comments?post=994"}],"version-history":[{"count":0,"href":"https:\/\/blogs.diariosur.es\/vistetecomopuedas\/wp-json\/wp\/v2\/posts\/994\/revisions"}],"wp:attachment":[{"href":"https:\/\/blogs.diariosur.es\/vistetecomopuedas\/wp-json\/wp\/v2\/media?parent=994"}],"wp:term":[{"taxonomy":"category","embeddable":true,"href":"https:\/\/blogs.diariosur.es\/vistetecomopuedas\/wp-json\/wp\/v2\/categories?post=994"},{"taxonomy":"post_tag","embeddable":true,"href":"https:\/\/blogs.diariosur.es\/vistetecomopuedas\/wp-json\/wp\/v2\/tags?post=994"}],"curies":[{"name":"wp","href":"https:\/\/api.w.org\/{rel}","templated":true}]}}