{"id":996,"date":"2012-02-12T21:59:00","date_gmt":"2012-02-12T21:59:00","guid":{"rendered":"http:\/\/blogs.diariosur.es\/vistetecomopuedas\/2012\/02\/12\/marni-para-hm\/"},"modified":"2012-02-12T21:59:00","modified_gmt":"2012-02-12T21:59:00","slug":"marni-para-hm","status":"publish","type":"post","link":"https:\/\/blogs.diariosur.es\/vistetecomopuedas\/2012\/02\/12\/marni-para-hm\/","title":{"rendered":">Marni para H&#038;M"},"content":{"rendered":"<p>>\u00daltimamente hablo mucho de H&#038;M, pero la verdad es que la marca est\u00e1 en constante movimiento y llama mi atenci\u00f3n. Lo que vengo a contaros hoy es que el pr\u00f3ximo 8 de marzo llegar\u00e1 a las tiendas (no a todas) la nueva colecci\u00f3n dise\u00f1ada por <a href=\"http:\/\/www.marni.com\/home.asp?tskay=768BABE2\" rel=\"external nofollow\">Marni<\/a>.<\/p>\n<p>Ya hemos podido ver alguna de las prendas en el anuncio que ha rodado Sofia Coppola. La verdad es que parece que la campa\u00f1a estar\u00e1 bastante bien, habr\u00e1 que esperar unos d\u00edas para verla m\u00e1s de cerca.<\/p>\n<div class=\"separator\" style=\"clear: both;text-align: center\"><\/div>\n<p>P.D. En breve ir\u00e9 contestando vuestros comentarios, muchas gracias por todos ellos, aunque a\u00fan no los haya respondido (por falta de tiempo) los valoro much\u00edsimo. Besitos a tod@s<\/p>\n","protected":false},"excerpt":{"rendered":"<p>>\u00daltimamente hablo mucho de H&#038;M, pero la verdad es que la marca est\u00e1 en constante movimiento y llama mi atenci\u00f3n. Lo que vengo a contaros hoy es que el pr\u00f3ximo 8 de marzo llegar\u00e1 a las tiendas (no a todas) la nueva colecci\u00f3n dise\u00f1ada por Marni. Ya hemos podido ver alguna de las prendas en [&hellip;]<\/p>\n","protected":false},"author":52,"featured_media":0,"comment_status":"open","ping_status":"closed","sticky":false,"template":"","format":"standard","meta":[],"categories":[128,167,341,446],"tags":[],"_links":{"self":[{"href":"https:\/\/blogs.diariosur.es\/vistetecomopuedas\/wp-json\/wp\/v2\/posts\/996"}],"collection":[{"href":"https:\/\/blogs.diariosur.es\/vistetecomopuedas\/wp-json\/wp\/v2\/posts"}],"about":[{"href":"https:\/\/blogs.diariosur.es\/vistetecomopuedas\/wp-json\/wp\/v2\/types\/post"}],"author":[{"embeddable":true,"href":"https:\/\/blogs.diariosur.es\/vistetecomopuedas\/wp-json\/wp\/v2\/users\/52"}],"replies":[{"embeddable":true,"href":"https:\/\/blogs.diariosur.es\/vistetecomopuedas\/wp-json\/wp\/v2\/comments?post=996"}],"version-history":[{"count":0,"href":"https:\/\/blogs.diariosur.es\/vistetecomopuedas\/wp-json\/wp\/v2\/posts\/996\/revisions"}],"wp:attachment":[{"href":"https:\/\/blogs.diariosur.es\/vistetecomopuedas\/wp-json\/wp\/v2\/media?parent=996"}],"wp:term":[{"taxonomy":"category","embeddable":true,"href":"https:\/\/blogs.diariosur.es\/vistetecomopuedas\/wp-json\/wp\/v2\/categories?post=996"},{"taxonomy":"post_tag","embeddable":true,"href":"https:\/\/blogs.diariosur.es\/vistetecomopuedas\/wp-json\/wp\/v2\/tags?post=996"}],"curies":[{"name":"wp","href":"https:\/\/api.w.org\/{rel}","templated":true}]}}