{"id":997,"date":"2012-02-14T09:30:00","date_gmt":"2012-02-14T09:30:00","guid":{"rendered":"http:\/\/blogs.diariosur.es\/vistetecomopuedas\/2012\/02\/14\/kate-en-primavera\/"},"modified":"2012-02-14T09:30:00","modified_gmt":"2012-02-14T09:30:00","slug":"kate-en-primavera","status":"publish","type":"post","link":"https:\/\/blogs.diariosur.es\/vistetecomopuedas\/2012\/02\/14\/kate-en-primavera\/","title":{"rendered":">Kate en primavera"},"content":{"rendered":"<p>>Mango ha contado con Kate Moss para su campa\u00f1a de primavera verano 2012. La marca catalana ha apostado por ella por ser toda una &#8216;it girl&#8217;, as\u00ed como encarnar a una mujer independiente, urbana y atrevida.<\/p>\n<p>Pod\u00e9is encontrar todas las im\u00e1genes de la nueva colecci\u00f3n tanto en los cat\u00e1logos que hay en las tiendas, como pinchando <a href=\"http:\/\/shop.mango.com\/flash.faces?state=she_001_ES\" rel=\"external nofollow\">aqu\u00ed<\/a>.<\/p>\n<div class=\"separator\" style=\"clear: both;text-align: center\"><a href=\"http:\/\/2.bp.blogspot.com\/-1dbepdIk_Ac\/Tzg4TINnV_I\/AAAAAAAABz4\/Uk-dOVpMngA\/s1600\/mango.jpg\" rel=\"external nofollow\"><img border=\"0\" src=\"\/\/2.bp.blogspot.com\/-1dbepdIk_Ac\/Tzg4TINnV_I\/AAAAAAAABz4\/Uk-dOVpMngA\/s1600\/mango.jpg\" \/><\/a><\/div>\n<p><\/p>\n","protected":false},"excerpt":{"rendered":"<p>>Mango ha contado con Kate Moss para su campa\u00f1a de primavera verano 2012. La marca catalana ha apostado por ella por ser toda una &#8216;it girl&#8217;, as\u00ed como encarnar a una mujer independiente, urbana y atrevida. Pod\u00e9is encontrar todas las im\u00e1genes de la nueva colecci\u00f3n tanto en los cat\u00e1logos que hay en las tiendas, como [&hellip;]<\/p>\n","protected":false},"author":52,"featured_media":0,"comment_status":"open","ping_status":"closed","sticky":false,"template":"","format":"standard","meta":[],"categories":[380,433,470,579],"tags":[],"_links":{"self":[{"href":"https:\/\/blogs.diariosur.es\/vistetecomopuedas\/wp-json\/wp\/v2\/posts\/997"}],"collection":[{"href":"https:\/\/blogs.diariosur.es\/vistetecomopuedas\/wp-json\/wp\/v2\/posts"}],"about":[{"href":"https:\/\/blogs.diariosur.es\/vistetecomopuedas\/wp-json\/wp\/v2\/types\/post"}],"author":[{"embeddable":true,"href":"https:\/\/blogs.diariosur.es\/vistetecomopuedas\/wp-json\/wp\/v2\/users\/52"}],"replies":[{"embeddable":true,"href":"https:\/\/blogs.diariosur.es\/vistetecomopuedas\/wp-json\/wp\/v2\/comments?post=997"}],"version-history":[{"count":0,"href":"https:\/\/blogs.diariosur.es\/vistetecomopuedas\/wp-json\/wp\/v2\/posts\/997\/revisions"}],"wp:attachment":[{"href":"https:\/\/blogs.diariosur.es\/vistetecomopuedas\/wp-json\/wp\/v2\/media?parent=997"}],"wp:term":[{"taxonomy":"category","embeddable":true,"href":"https:\/\/blogs.diariosur.es\/vistetecomopuedas\/wp-json\/wp\/v2\/categories?post=997"},{"taxonomy":"post_tag","embeddable":true,"href":"https:\/\/blogs.diariosur.es\/vistetecomopuedas\/wp-json\/wp\/v2\/tags?post=997"}],"curies":[{"name":"wp","href":"https:\/\/api.w.org\/{rel}","templated":true}]}}